{"id":1033,"date":"2013-04-01T00:00:00","date_gmt":"2013-04-01T00:00:00","guid":{"rendered":""},"modified":"2026-07-30T17:14:53","modified_gmt":"2026-07-30T21:14:53","slug":"victima-1-796","status":"publish","type":"post","link":"https:\/\/interactivos.museodelamemoria.cl\/victims\/?p=1033","title":{"rendered":"LLIDO MENGUAL ANTONIO"},"content":{"rendered":"\n<hr class=\"wp-block-separator has-text-color has-white-color has-alpha-channel-opacity has-white-background-color has-background is-style-default\"\/>\n\n\n<p><strong>Instancia Calificadora:<\/strong> CVR violaci\u00f3n de DDHH<\/p><p><strong>Militancia:<\/strong> Sin Militancia<\/p><p><strong>Regi\u00f3n:<\/strong> RM Metropolitana<\/p><p><strong>Ciudad:<\/strong> SANTIAGO<\/p><p><strong>Comuna:<\/strong> <\/p><p><strong>Fecha Detenci\u00f3n\/Muerte:<\/strong> 00-10-1974<\/p><p><strong>Ocupaci\u00f3n:<\/strong> SACERDOTE<\/p><p><strong>Edad:<\/strong> 38<\/p>\n\n\n\n<hr class=\"wp-block-separator has-text-color has-white-color has-alpha-channel-opacity has-white-background-color has-background is-style-default\"\/>\n\n\n<p>En octubre de 1974, Antonio LLIDO MENGUAL, sacerdote de nacionalidad espa\u00f1ola vinculado al MIR, fue visto por testigos en el recinto de Jos\u00e9 Domingo Ca\u00f1as. Con posterioridad Antonio LLIDO, cuya fecha de detenci\u00f3n se desconoce, fue trasladado a Cuatro Alamos, desde donde desaparece, en poder de la DINA.<\/p>\n<p>La Comisi\u00f3n est\u00e1 convencida de que su desaparici\u00f3n fue obra de agentes del Estado, quienes violaron as\u00ed sus derechos humanos.<\/p>\n<p><em><strong>Nota: En el Informe de la Comisi\u00f3n Nacional sobre Verdad y Reconciliaci\u00f3n se se\u00f1ala a Antonio Llid\u00f3 Mengual como \u00abex-sacerdote\u00bb. En una carta aclaratoria, con fecha 26 de mayo 2026, enviada por el Arzobispo de Valencia, Enrique Benavent Vidal,\u00a0 a la direcci\u00f3n de este museo, se clarifica sobre el padre Llid\u00f3 que \u00abno consta que en ning\u00fan momento este sacerdote hubiese iniciado los tr\u00e1mites para la secularizaci\u00f3n\u00bb y que por tanto \u00abno debe trat\u00e1rsele como alguien que ha abandonado el ministerio sacerdotal\u00bb.\u00a0\u00a0<\/strong><\/em><\/p>\n\n\n<blockquote class=\"wp-block-quote is-layout-flow wp-block-quote-is-layout-flow\">\n<hr class=\"wp-block-separator has-alpha-channel-opacity\"\/>\n<cite><br>Para revisar informaci\u00f3n judicial sobre esta persona acceda al repositorio del Proyecto Expedientes de la Represi\u00f3n, que recopila las sentencias judiciales dictadas en los procesos penales ya concluidos por violaciones de derechos humanos cometidas durante la dictadura.<\/cite><\/blockquote>\n\n\n\n<figure class=\"wp-block-image is-resized\"><a href=\"https:\/\/expedientesdelarepresion.cl\/causa\/antonio-llido\/\" target=\"_blank\" rel=\"noreferrer noopener\"><img loading=\"lazy\" decoding=\"async\" width=\"126\" height=\"121\" src=\"https:\/\/interactivos.museodelamemoria.cl\/victims\/wp-content\/uploads\/2024\/07\/logo-expedientes-de-la-represion_ok-e1721845389628.png\" alt=\"\" class=\"wp-image-5088\" style=\"width:112px;height:auto\"\/><\/a><\/figure>\n","protected":false},"excerpt":{"rendered":"<p>\tAntonio Llido Mengual, 38 a\u00f1os, ex-sacerdote de nacionalidad espa\u00f1ola vinculado al Movimiento de Izquierda Revolucionaria (MIR). Detenido desaparecido desde octubre de 1974 en Santiago.\t &hellip; <a href=\"https:\/\/interactivos.museodelamemoria.cl\/victims\/?p=1033\" class=\"more-link\"><span class=\"readmore\">Averigua m\u00e1s acerca de esta v\u00edctima&#8230;<span class=\"screen-reader-text\">LLIDO MENGUAL ANTONIO<\/span><\/span><\/a><\/p>\n","protected":false},"author":1,"featured_media":0,"comment_status":"open","ping_status":"open","sticky":false,"template":"","format":"standard","meta":{"footnotes":""},"categories":[6],"tags":[],"class_list":["post-1033","post","type-post","status-publish","format-standard","hentry","category-detenido-desaparecido"],"_links":{"self":[{"href":"https:\/\/interactivos.museodelamemoria.cl\/victims\/index.php?rest_route=\/wp\/v2\/posts\/1033"}],"collection":[{"href":"https:\/\/interactivos.museodelamemoria.cl\/victims\/index.php?rest_route=\/wp\/v2\/posts"}],"about":[{"href":"https:\/\/interactivos.museodelamemoria.cl\/victims\/index.php?rest_route=\/wp\/v2\/types\/post"}],"author":[{"embeddable":true,"href":"https:\/\/interactivos.museodelamemoria.cl\/victims\/index.php?rest_route=\/wp\/v2\/users\/1"}],"replies":[{"embeddable":true,"href":"https:\/\/interactivos.museodelamemoria.cl\/victims\/index.php?rest_route=%2Fwp%2Fv2%2Fcomments&post=1033"}],"version-history":[{"count":5,"href":"https:\/\/interactivos.museodelamemoria.cl\/victims\/index.php?rest_route=\/wp\/v2\/posts\/1033\/revisions"}],"predecessor-version":[{"id":8976,"href":"https:\/\/interactivos.museodelamemoria.cl\/victims\/index.php?rest_route=\/wp\/v2\/posts\/1033\/revisions\/8976"}],"wp:attachment":[{"href":"https:\/\/interactivos.museodelamemoria.cl\/victims\/index.php?rest_route=%2Fwp%2Fv2%2Fmedia&parent=1033"}],"wp:term":[{"taxonomy":"category","embeddable":true,"href":"https:\/\/interactivos.museodelamemoria.cl\/victims\/index.php?rest_route=%2Fwp%2Fv2%2Fcategories&post=1033"},{"taxonomy":"post_tag","embeddable":true,"href":"https:\/\/interactivos.museodelamemoria.cl\/victims\/index.php?rest_route=%2Fwp%2Fv2%2Ftags&post=1033"}],"curies":[{"name":"wp","href":"https:\/\/api.w.org\/{rel}","templated":true}]}}