{"id":1039,"date":"2013-04-01T00:00:00","date_gmt":"2013-04-01T00:00:00","guid":{"rendered":""},"modified":"2013-04-01T00:00:00","modified_gmt":"2013-04-01T00:00:00","slug":"victima-1","status":"publish","type":"post","link":"https:\/\/interactivos.museodelamemoria.cl\/victims\/?p=1039","title":{"rendered":"FLORES LANTADILLA GUILLERMO ENRIQUE"},"content":{"rendered":"<hr class=\"wp-block-separator has-text-color has-white-color has-alpha-channel-opacity has-white-background-color has-background is-style-default\"\/><p><strong>Instancia Calificadora:<\/strong> CNRR violencia pol\u00edtica<\/p><p><strong>Militancia:<\/strong> Sin Militancia<\/p><p><strong>Regi\u00f3n:<\/strong> RM Metropolitana<\/p><p><strong>Ciudad:<\/strong> SANTIAGO<\/p><p><strong>Comuna:<\/strong> SAN BERNARDO<\/p><p><strong>Fecha Detenci\u00f3n\/Muerte:<\/strong> 05-10-1973<\/p><p><strong>Ocupaci\u00f3n:<\/strong> SOLDADO CONSCRIPTO EJERCITO<\/p><p><strong>Edad:<\/strong> 19<\/p>\n<hr class=\"wp-block-separator has-text-color has-white-color has-alpha-channel-opacity has-white-background-color has-background is-style-default\"\/>\tGuillermo Enrique Flores Lantadilla muri\u00f3 ese d\u00eda a las 14:15 horas, en la enfermer\u00eda de la Escuela de Infanter\u00eda de San Bernardo, por herida de bala cr\u00e1neo encef\u00e1lica, seg\u00fan consigna el Certificado M\u00e9dico de Defunci\u00f3n. \r\n\r\nLa versi\u00f3n oficial de la muerte de Flores Lantadilla, quien cumpl\u00eda su Servicio Militar Obligatorio en la Escuela de Infanter\u00eda de San Bernardo, se\u00f1ala que aqu\u00e9lla se debi\u00f3 a un disparo accidental de otro militar, mientras se realizaba un operativo en la poblaci\u00f3n Jos\u00e9 Mar\u00eda Caro.\r\n\r\nConsiderando los antecedentes reunidos y la investigaci\u00f3n hecha por esta Corporaci\u00f3n, el Consejo Superior, no obstante el car\u00e1cter accidental de su muerte, estim\u00f3 que era atribuible a las condiciones de tensi\u00f3n en que efectivos militares de escasa experiencia cumpl\u00edan funciones para las que no estaban suficientemente entrenados.  Por esa consideraci\u00f3n y dada la \u00e9poca de estos sucesos, declar\u00f3 a Guillermo Enrique Flores Lantadilla v\u00edctima de la violencia pol\u00edtica imperante.\t","protected":false},"excerpt":{"rendered":"<p>\tGuillermo Enrique Flores Lantadilla, 19 a\u00f1os, soldado conscripto del Ej\u00e9rcito. Muerto el 5 de octubre de 1973 en Santiago.\t &hellip; <a href=\"https:\/\/interactivos.museodelamemoria.cl\/victims\/?p=1039\" class=\"more-link\"><span class=\"readmore\">Averigua m\u00e1s acerca de esta v\u00edctima&#8230;<span class=\"screen-reader-text\">FLORES LANTADILLA GUILLERMO ENRIQUE<\/span><\/span><\/a><\/p>\n","protected":false},"author":1,"featured_media":0,"comment_status":"open","ping_status":"open","sticky":false,"template":"","format":"standard","meta":{"footnotes":""},"categories":[5],"tags":[],"class_list":["post-1039","post","type-post","status-publish","format-standard","hentry","category-ejecutado-politico"],"_links":{"self":[{"href":"https:\/\/interactivos.museodelamemoria.cl\/victims\/index.php?rest_route=\/wp\/v2\/posts\/1039"}],"collection":[{"href":"https:\/\/interactivos.museodelamemoria.cl\/victims\/index.php?rest_route=\/wp\/v2\/posts"}],"about":[{"href":"https:\/\/interactivos.museodelamemoria.cl\/victims\/index.php?rest_route=\/wp\/v2\/types\/post"}],"author":[{"embeddable":true,"href":"https:\/\/interactivos.museodelamemoria.cl\/victims\/index.php?rest_route=\/wp\/v2\/users\/1"}],"replies":[{"embeddable":true,"href":"https:\/\/interactivos.museodelamemoria.cl\/victims\/index.php?rest_route=%2Fwp%2Fv2%2Fcomments&post=1039"}],"version-history":[{"count":0,"href":"https:\/\/interactivos.museodelamemoria.cl\/victims\/index.php?rest_route=\/wp\/v2\/posts\/1039\/revisions"}],"wp:attachment":[{"href":"https:\/\/interactivos.museodelamemoria.cl\/victims\/index.php?rest_route=%2Fwp%2Fv2%2Fmedia&parent=1039"}],"wp:term":[{"taxonomy":"category","embeddable":true,"href":"https:\/\/interactivos.museodelamemoria.cl\/victims\/index.php?rest_route=%2Fwp%2Fv2%2Fcategories&post=1039"},{"taxonomy":"post_tag","embeddable":true,"href":"https:\/\/interactivos.museodelamemoria.cl\/victims\/index.php?rest_route=%2Fwp%2Fv2%2Ftags&post=1039"}],"curies":[{"name":"wp","href":"https:\/\/api.w.org\/{rel}","templated":true}]}}