{"id":1092,"date":"2013-04-01T00:00:00","date_gmt":"2013-04-01T00:00:00","guid":{"rendered":""},"modified":"2013-04-01T00:00:00","modified_gmt":"2013-04-01T00:00:00","slug":"victima-1","status":"publish","type":"post","link":"https:\/\/interactivos.museodelamemoria.cl\/victims\/?p=1092","title":{"rendered":"LETELIER DEL SOLAR ORLANDO"},"content":{"rendered":"<hr class=\"wp-block-separator has-text-color has-white-color has-alpha-channel-opacity has-white-background-color has-background is-style-default\"\/><p><strong>Instancia Calificadora:<\/strong> CVR violaci\u00f3n de DDHH<\/p><p><strong>Militancia:<\/strong> PS<\/p><p><strong>Regi\u00f3n:<\/strong> Extranjero<\/p><p><strong>Ciudad:<\/strong> WASHINGTON<\/p><p><strong>Comuna:<\/strong> <\/p><p><strong>Fecha Detenci\u00f3n\/Muerte:<\/strong> 21-09-1976<\/p><p><strong>Ocupaci\u00f3n:<\/strong> DIRECTOR INSTITUTO DE ESTUDIOS PUBLICOS (EE.UU.)<\/p><p><strong>Edad:<\/strong> 44<\/p>\n<hr class=\"wp-block-separator has-text-color has-white-color has-alpha-channel-opacity has-white-background-color has-background is-style-default\"\/>\tEl asesinato de Orlando LETELIER DEL SOLAR y de Ronnie MOFFITT\r\n\r\nEl 21 de septiembre de 1976 fallecieron en Washington, D.C. Estados Unidos, Orlando Letelier del Solar y Ronnie Moffitt, al explotar una bomba colocada debajo del piso del veh\u00edculo en que se movilizaban.  En el veh\u00edculo viajaba tambi\u00e9n el c\u00f3nyuge de Ronnie Moffitt, Michael Moffitt, quien salv\u00f3 ileso.\r\n\r\nOrlando Letelier, de 44 a\u00f1os, hab\u00eda sido embajador del Gobierno del Presidente Allende ante los Estados Unidos de Norteam\u00e9rica, habi\u00e9ndose desempe\u00f1ado tambi\u00e9n, durante ese gobierno, como Ministro de Relaciones Exteriores y de Defensa, cargo este \u00faltimo que detentaba al 11 de septiembre de 1973.  Orlando Letelier fue detenido ese mismo d\u00eda, en sus propias oficinas del Ministerio de Defensa. Pas\u00f3 un largo per\u00edodo privado de libertad, primero en el Regimiento Tacna, luego en la Escuela Militar.  De ah\u00ed fue llevado por ocho meses al campo de detenidos de Isla Dawson.  A continuaci\u00f3n estuvo un tiempo en el subterr\u00e1neo de la Academia de Guerra de la Fuerza A\u00e9rea, de donde fue trasladado finalmente al campamento de Ritoque, lugar desde el que recuper\u00f3 su libertad, partiendo al exilio. \r\n\r\nPrimeramente viaj\u00f3 a Venezuela y posteriormente a los Estados Unidos, donde trabajaba en el Instituto de Estudios de Pol\u00edticas (Institute for Policy Studies), en Washington, D.C. En ese per\u00edodo tambi\u00e9n reanud\u00f3 sus labores partidarias dentro del Partido Socialista, en el cual militaba, cumpliendo funciones de mucha importancia en ese partido y en las actividades de oposici\u00f3n al gobierno chileno, en el exterior.\r\n\r\nPoco antes de su muerte le fue quitada su nacionalidad chilena por el gobierno chileno. \r\n\r\nRonnie Moffitt, de 25 a\u00f1os, era una ciudadana norteamericana y se desempe\u00f1aba tambi\u00e9n en el Institute for Policy Studies. \r\n\r\nEn la investigaci\u00f3n judicial de estos hechos llevada a cabo por la justicia norteamericana constan las confesiones de tres intervinientes como responsables en ellos, quienes de forma coincidente dan cuenta de la participaci\u00f3n en el asesinato, tanto en su planificaci\u00f3n, como en su ejecuci\u00f3n de agentes de la DINA.\r\n\r\nEn la ideaci\u00f3n del crimen se encuentran involucradas las m\u00e1s altas autoridades de ese servicio de seguridad, quienes encomendaron su ejecuci\u00f3n a uno de sus agentes que con anterioridad hab\u00eda recibido la misi\u00f3n de ejecutar otros trabajos en el extranjero.\r\n\r\nPrimeramente se trat\u00f3 de obtener pasaportes falsos para entrar a los Estados Unidos en el Paraguay, al no lograrse ello se utilizaron pasaportes oficiales falsos chilenos expedidos por la Canciller\u00eda. \r\n\r\nLa labor de seguimiento previo de la v\u00edctima, que era en principio solamente Letelier, fue ejecutada por una pareja de agentes que viaj\u00f3 al efecto a los Estados Unidos.\r\n\r\nEn la ejecuci\u00f3n del crimen se cont\u00f3 con la ayuda de miembros de una agrupaci\u00f3n clandestina anticastrista de los Estados Unidos, quienes ayudaron tanto en la confecci\u00f3n como en la colocaci\u00f3n de la bomba que har\u00eda estallar el veh\u00edculo de la v\u00edctima.  Finalmente ellos mismos ser\u00edan los que activar\u00edan el mecanismo de control remoto para hacerla explotar.\r\n\r\nConforme se\u00f1alan sus respectivos protocolos de autopsias, Letelier muri\u00f3 a causa del desangramiento que le produjo la amputaci\u00f3n traum\u00e1tica de sus extremidades inferiores y Moffitt falleci\u00f3 por aspiraci\u00f3n de sangre, laceraci\u00f3n de la laringe y de la arteria car\u00f3tida derecha.\r\n\r\nCon posterioridad al acto terrorista y una vez en evidencia que se encontraban comprometidos agentes chilenos en \u00e9l, se efectuaron en el pa\u00eds diversas maniobras tendientes a impedir el esclarecimiento del delito.  Entre ellas se cuenta la presentaci\u00f3n de personas distintas a las involucradas para contestar las cartas rogatorias (exhortos) presentadas por el Gobierno norteamericano y, de acuerdo a testimonios, la destrucci\u00f3n de declaraciones inculpatorias prestadas ante el Fiscal Militar chileno que llevaba la investigaci\u00f3n.\r\n\r\nLa Comisi\u00f3n ha estudiado y ponderado todos los abundantes antecedentes que existen sobre este caso, en Chile y en extranjero.  Entre \u00e9stos se encuentran los que constan de la causa 192-78 llevada por la Justicia Militar en Chile, para investigar la falsificaci\u00f3n de pasaportes que guarda relaci\u00f3n con el caso Letelier y otros delitos referidos al mismo caso; y la documentaci\u00f3n judicial y extrajudicial sobre la investigaci\u00f3n del caso en los Estados Unidos, en sus distintas fases e instancias.  La Comisi\u00f3n ha obtenido adem\u00e1s, directamente, diversas declaraciones pertinentes a este caso. \r\n\r\nSobre esta base, la Comisi\u00f3n ha llegado a la convicci\u00f3n, en conciencia, de que Orlando Letelier y Ronnie Moffitt murieron, en violaci\u00f3n de sus derechos humanos, v\u00edctimas de un acto de terrorismo cometido por agentes del Estado chileno, espec\u00edficamente de la DINA, quienes idearon el acto terrorista y lo ejecutaron con la ayuda de otras personas.\t","protected":false},"excerpt":{"rendered":"<p>\tOrlando Letelier del Solar, 44 a\u00f1os, ex embajador de Chile en Estados Unidos y ex Ministro del Gobierno de Salvador Allende, militante del Partido Socialista. Muerto el 21 de septiembre de 1976 en Washington, Estados Unidos.\t &hellip; <a href=\"https:\/\/interactivos.museodelamemoria.cl\/victims\/?p=1092\" class=\"more-link\"><span class=\"readmore\">Averigua m\u00e1s acerca de esta v\u00edctima&#8230;<span class=\"screen-reader-text\">LETELIER DEL SOLAR ORLANDO<\/span><\/span><\/a><\/p>\n","protected":false},"author":1,"featured_media":0,"comment_status":"open","ping_status":"open","sticky":false,"template":"","format":"standard","meta":{"footnotes":""},"categories":[5],"tags":[],"class_list":["post-1092","post","type-post","status-publish","format-standard","hentry","category-ejecutado-politico"],"_links":{"self":[{"href":"https:\/\/interactivos.museodelamemoria.cl\/victims\/index.php?rest_route=\/wp\/v2\/posts\/1092"}],"collection":[{"href":"https:\/\/interactivos.museodelamemoria.cl\/victims\/index.php?rest_route=\/wp\/v2\/posts"}],"about":[{"href":"https:\/\/interactivos.museodelamemoria.cl\/victims\/index.php?rest_route=\/wp\/v2\/types\/post"}],"author":[{"embeddable":true,"href":"https:\/\/interactivos.museodelamemoria.cl\/victims\/index.php?rest_route=\/wp\/v2\/users\/1"}],"replies":[{"embeddable":true,"href":"https:\/\/interactivos.museodelamemoria.cl\/victims\/index.php?rest_route=%2Fwp%2Fv2%2Fcomments&post=1092"}],"version-history":[{"count":0,"href":"https:\/\/interactivos.museodelamemoria.cl\/victims\/index.php?rest_route=\/wp\/v2\/posts\/1092\/revisions"}],"wp:attachment":[{"href":"https:\/\/interactivos.museodelamemoria.cl\/victims\/index.php?rest_route=%2Fwp%2Fv2%2Fmedia&parent=1092"}],"wp:term":[{"taxonomy":"category","embeddable":true,"href":"https:\/\/interactivos.museodelamemoria.cl\/victims\/index.php?rest_route=%2Fwp%2Fv2%2Fcategories&post=1092"},{"taxonomy":"post_tag","embeddable":true,"href":"https:\/\/interactivos.museodelamemoria.cl\/victims\/index.php?rest_route=%2Fwp%2Fv2%2Ftags&post=1092"}],"curies":[{"name":"wp","href":"https:\/\/api.w.org\/{rel}","templated":true}]}}