{"id":1136,"date":"2013-04-01T00:00:00","date_gmt":"2013-04-01T00:00:00","guid":{"rendered":""},"modified":"2013-04-01T00:00:00","modified_gmt":"2013-04-01T00:00:00","slug":"victima-1","status":"publish","type":"post","link":"https:\/\/interactivos.museodelamemoria.cl\/victims\/?p=1136","title":{"rendered":"MORENO CASTRO MARIO FERNANDO"},"content":{"rendered":"<hr class=\"wp-block-separator has-text-color has-white-color has-alpha-channel-opacity has-white-background-color has-background is-style-default\"\/><p><strong>Instancia Calificadora:<\/strong> CVR violaci\u00f3n de DDHH<\/p><p><strong>Militancia:<\/strong> PS<\/p><p><strong>Regi\u00f3n:<\/strong> VIII Biob\u00edo<\/p><p><strong>Ciudad:<\/strong> CHILLAN<\/p><p><strong>Comuna:<\/strong> CHILLAN<\/p><p><strong>Fecha Detenci\u00f3n\/Muerte:<\/strong> 02-10-1973<\/p><p><strong>Ocupaci\u00f3n:<\/strong> FUNCIONARIO SEAM-CORFO<\/p><p><strong>Edad:<\/strong> 39<\/p>\n<hr class=\"wp-block-separator has-text-color has-white-color has-alpha-channel-opacity has-white-background-color has-background is-style-default\"\/>\tEl mismo 2 de octubre de 1973 fue detenido en su domicilio por Carabineros de la 2a Comisar\u00eda Mario Fernando MORENO CASTRO, 39 a\u00f1os, funcionario del Corporaci\u00f3n de Fomento (Corfo) y militante del Partido Socialista.  Luego lo llevaron a la 2a Comisar\u00eda de Chill\u00e1n y finalmente al Regimiento de la ciudad.  Las autoridades no reconocieron la detenci\u00f3n, a pesar que los familiares lo buscaron en diferentes lugares.  Desde su detenci\u00f3n no se ha tenido noticias acerca de su suerte o paradero.\r\n\r\nEn atenci\u00f3n a encontrarse acreditada la detenci\u00f3n de Manuel Cris\u00f3stomo y Mario Moreno; la militancia pol\u00edtica de ambos; la carencia de informaci\u00f3n acerca de su paradero; el no haber efectuado diligencias ante organismos oficiales del Estado de Chile; y finalmente la circunstancia de no registrar salidas del pa\u00eds; han permitido a esta Comisi\u00f3n formarse convicci\u00f3n que ambos fueron detenidos y que su desaparici\u00f3n posterior es de responsabilidad de agentes del Estado, lo que constituye una grave violaci\u00f3n de los derechos humanos.\t","protected":false},"excerpt":{"rendered":"<p>\tMario Fernando Moreno Castro, 39 a\u00f1os, funcionario del Corporaci\u00f3n de Fomento (Corfo, militante del Partido Socialista. Detenido desaparecido desde el 2 de octubre de 1973 en Chill\u00e1n.\t &hellip; <a href=\"https:\/\/interactivos.museodelamemoria.cl\/victims\/?p=1136\" class=\"more-link\"><span class=\"readmore\">Averigua m\u00e1s acerca de esta v\u00edctima&#8230;<span class=\"screen-reader-text\">MORENO CASTRO MARIO FERNANDO<\/span><\/span><\/a><\/p>\n","protected":false},"author":1,"featured_media":0,"comment_status":"open","ping_status":"open","sticky":false,"template":"","format":"standard","meta":{"footnotes":""},"categories":[6],"tags":[],"class_list":["post-1136","post","type-post","status-publish","format-standard","hentry","category-detenido-desaparecido"],"_links":{"self":[{"href":"https:\/\/interactivos.museodelamemoria.cl\/victims\/index.php?rest_route=\/wp\/v2\/posts\/1136"}],"collection":[{"href":"https:\/\/interactivos.museodelamemoria.cl\/victims\/index.php?rest_route=\/wp\/v2\/posts"}],"about":[{"href":"https:\/\/interactivos.museodelamemoria.cl\/victims\/index.php?rest_route=\/wp\/v2\/types\/post"}],"author":[{"embeddable":true,"href":"https:\/\/interactivos.museodelamemoria.cl\/victims\/index.php?rest_route=\/wp\/v2\/users\/1"}],"replies":[{"embeddable":true,"href":"https:\/\/interactivos.museodelamemoria.cl\/victims\/index.php?rest_route=%2Fwp%2Fv2%2Fcomments&post=1136"}],"version-history":[{"count":0,"href":"https:\/\/interactivos.museodelamemoria.cl\/victims\/index.php?rest_route=\/wp\/v2\/posts\/1136\/revisions"}],"wp:attachment":[{"href":"https:\/\/interactivos.museodelamemoria.cl\/victims\/index.php?rest_route=%2Fwp%2Fv2%2Fmedia&parent=1136"}],"wp:term":[{"taxonomy":"category","embeddable":true,"href":"https:\/\/interactivos.museodelamemoria.cl\/victims\/index.php?rest_route=%2Fwp%2Fv2%2Fcategories&post=1136"},{"taxonomy":"post_tag","embeddable":true,"href":"https:\/\/interactivos.museodelamemoria.cl\/victims\/index.php?rest_route=%2Fwp%2Fv2%2Ftags&post=1136"}],"curies":[{"name":"wp","href":"https:\/\/api.w.org\/{rel}","templated":true}]}}