{"id":1189,"date":"2013-04-01T00:00:00","date_gmt":"2013-04-01T00:00:00","guid":{"rendered":""},"modified":"2024-09-03T15:48:25","modified_gmt":"2024-09-03T15:48:25","slug":"victima-1-626","status":"publish","type":"post","link":"https:\/\/interactivos.museodelamemoria.cl\/victims\/?p=1189","title":{"rendered":"ABURTO GALLARDO EVALDO SEGUNDO"},"content":{"rendered":"<hr class=\"wp-block-separator has-text-color has-white-color has-alpha-channel-opacity has-white-background-color has-background is-style-default\"\/><p><strong>Instancia Calificadora:<\/strong> CNRR violaci\u00f3n de DDHH<\/p><p><strong>Militancia:<\/strong> Sin Militancia<\/p><p><strong>Regi\u00f3n:<\/strong> RM Metropolitana<\/p><p><strong>Ciudad:<\/strong> SANTIAGO<\/p><p><strong>Comuna:<\/strong> MAIPU<\/p><p><strong>Fecha Detenci\u00f3n\/Muerte:<\/strong> 21-09-1985<\/p><p><strong>Ocupaci\u00f3n:<\/strong> OBRERO POJH<\/p><p><strong>Edad:<\/strong> 22<\/p>\n<hr class=\"wp-block-separator has-text-color has-white-color has-alpha-channel-opacity has-white-background-color has-background is-style-default\"\/><p>Evaldo Segundo Aburto Gallardo muri\u00f3 ese d\u00eda, a las 7:45 horas, en calle Esquina Blanca, comuna de Maip\u00fa, por traumatismo tor\u00e1cico pulmonar derecho por bala con salida de proyectil, seg\u00fan acredita el Certificado M\u00e9dico de Defunci\u00f3n del Instituto M\u00e9dico Legal.<\/p>\n<p>De acuerdo con declaraciones de testigos y antecedentes obtenidos del proceso judicial, el 21 de septiembre de 1985, alrededor de las 5:00 horas, Evaldo Aburto y dos amigos protagonizaron una ri\u00f1a con los due\u00f1os de una de las fondas de Fiestas Patrias ubicadas en la comuna de Maip\u00fa. Debido a la pelea callejera, se present\u00f3 un furg\u00f3n de Carabineros de la Quinta Comisar\u00eda de Maip\u00fa lo que provoc\u00f3 que los j\u00f3venes huyeran, siendo perseguidos por los polic\u00edas. Estos efectuaron varios disparos y uno de ellos alcanz\u00f3 a Evaldo Aburto por la espalda. <\/p>\n<p>Posteriormente, su cuerpo apareci\u00f3 en el antejard\u00edn de un domicilio particular. Un testigo asegura que despu\u00e9s que Evaldo Aburto fue alcanzado por el disparo, fue subido al furg\u00f3n policial, donde muri\u00f3. Al percatarse del hecho, los carabineros lo dejaron en el antejard\u00edn de la casa, donde una hora m\u00e1s tarde lo encontr\u00f3 una patrulla de la Polic\u00eda de Investigaciones.<\/p>\n<p>En la investigaci\u00f3n judicial sustanciada en la Tercera Fiscal\u00eda Militar de Santiago, los carabineros sostuvieron en su defensa que ellos efectuaron disparos al aire.  En el momento en que el Consejo Superior conoci\u00f3 este caso, la investigaci\u00f3n a\u00fan se encontraba pendiente.<\/p>\n<p>El Consejo Superior, teniendo presente que los agentes del Estado, al hacer uso de sus armas de fuego, no tomaron en cuenta la potencia de \u00e9stas y las consecuencias que podr\u00edan acarrear los disparos efectuados, lleg\u00f3 a la convicci\u00f3n de que Evaldo Segundo Aburto Gallardo fue v\u00edctima de un uso imprudente de la fuerza. Por tal raz\u00f3n, lo declar\u00f3 v\u00edctima de violaci\u00f3n de derechos humanos.<\/p>\n\n\n<blockquote class=\"wp-block-quote is-layout-flow wp-block-quote-is-layout-flow\">\n<hr class=\"wp-block-separator has-alpha-channel-opacity\"\/>\n<cite><br>Para revisar informaci\u00f3n judicial sobre esta persona acceda al repositorio del Proyecto Expedientes de la Represi\u00f3n, que recopila las sentencias judiciales dictadas en los procesos penales ya concluidos por violaciones de derechos humanos cometidas durante la dictadura.<\/cite><\/blockquote>\n\n\n\n<blockquote class=\"wp-block-quote is-layout-flow wp-block-quote-is-layout-flow\">\n<hr class=\"wp-block-separator has-alpha-channel-opacity\"\/>\n<cite><br>Para revisar informaci\u00f3n judicial sobre esta persona acceda al repositorio del Proyecto Expedientes de la Represi\u00f3n, que recopila las sentencias judiciales dictadas en los procesos penales ya concluidos por violaciones de derechos humanos cometidas durante la dictadura.<\/cite><\/blockquote>\n\n\n\n<figure class=\"wp-block-image is-resized\"><a href=\"https:\/\/expedientesdelarepresion.cl\/causa\/evaldo-aburto-gallardo\/\" target=\"_blank\" rel=\"noreferrer noopener\"><img loading=\"lazy\" decoding=\"async\" width=\"126\" height=\"121\" src=\"https:\/\/interactivos.museodelamemoria.cl\/victimas\/wp-content\/uploads\/2024\/07\/logo-expedientes-de-la-represion_ok-e1721845389628.png\" alt=\"\" class=\"wp-image-5088\" style=\"width:119px;height:auto\"\/><\/a><\/figure>\n","protected":false},"excerpt":{"rendered":"<p>\tEvaldo SegundoO Aburto Gallardo, 22 a\u00f1os, trabajador. Muerto el 21 de septiembre de 1985 en Santiago.\t &hellip; <a href=\"https:\/\/interactivos.museodelamemoria.cl\/victims\/?p=1189\" class=\"more-link\"><span class=\"readmore\">Averigua m\u00e1s acerca de esta v\u00edctima&#8230;<span class=\"screen-reader-text\">ABURTO GALLARDO EVALDO SEGUNDO<\/span><\/span><\/a><\/p>\n","protected":false},"author":1,"featured_media":0,"comment_status":"open","ping_status":"open","sticky":false,"template":"","format":"standard","meta":{"footnotes":""},"categories":[5],"tags":[],"class_list":["post-1189","post","type-post","status-publish","format-standard","hentry","category-ejecutado-politico"],"_links":{"self":[{"href":"https:\/\/interactivos.museodelamemoria.cl\/victims\/index.php?rest_route=\/wp\/v2\/posts\/1189"}],"collection":[{"href":"https:\/\/interactivos.museodelamemoria.cl\/victims\/index.php?rest_route=\/wp\/v2\/posts"}],"about":[{"href":"https:\/\/interactivos.museodelamemoria.cl\/victims\/index.php?rest_route=\/wp\/v2\/types\/post"}],"author":[{"embeddable":true,"href":"https:\/\/interactivos.museodelamemoria.cl\/victims\/index.php?rest_route=\/wp\/v2\/users\/1"}],"replies":[{"embeddable":true,"href":"https:\/\/interactivos.museodelamemoria.cl\/victims\/index.php?rest_route=%2Fwp%2Fv2%2Fcomments&post=1189"}],"version-history":[{"count":4,"href":"https:\/\/interactivos.museodelamemoria.cl\/victims\/index.php?rest_route=\/wp\/v2\/posts\/1189\/revisions"}],"predecessor-version":[{"id":6131,"href":"https:\/\/interactivos.museodelamemoria.cl\/victims\/index.php?rest_route=\/wp\/v2\/posts\/1189\/revisions\/6131"}],"wp:attachment":[{"href":"https:\/\/interactivos.museodelamemoria.cl\/victims\/index.php?rest_route=%2Fwp%2Fv2%2Fmedia&parent=1189"}],"wp:term":[{"taxonomy":"category","embeddable":true,"href":"https:\/\/interactivos.museodelamemoria.cl\/victims\/index.php?rest_route=%2Fwp%2Fv2%2Fcategories&post=1189"},{"taxonomy":"post_tag","embeddable":true,"href":"https:\/\/interactivos.museodelamemoria.cl\/victims\/index.php?rest_route=%2Fwp%2Fv2%2Ftags&post=1189"}],"curies":[{"name":"wp","href":"https:\/\/api.w.org\/{rel}","templated":true}]}}