{"id":1193,"date":"2013-04-01T00:00:00","date_gmt":"2013-04-01T00:00:00","guid":{"rendered":""},"modified":"2013-04-01T00:00:00","modified_gmt":"2013-04-01T00:00:00","slug":"victima-1","status":"publish","type":"post","link":"https:\/\/interactivos.museodelamemoria.cl\/victims\/?p=1193","title":{"rendered":"ACEVEDO MORENO JOSE GUILLERMO"},"content":{"rendered":"<hr class=\"wp-block-separator has-text-color has-white-color has-alpha-channel-opacity has-white-background-color has-background is-style-default\"\/><p><strong>Instancia Calificadora:<\/strong> CNRR violencia pol\u00edtica<\/p><p><strong>Militancia:<\/strong> Sin Militancia<\/p><p><strong>Regi\u00f3n:<\/strong> RM Metropolitana<\/p><p><strong>Ciudad:<\/strong> SANTIAGO<\/p><p><strong>Comuna:<\/strong> <\/p><p><strong>Fecha Detenci\u00f3n\/Muerte:<\/strong> 04-11-1973<\/p><p><strong>Ocupaci\u00f3n:<\/strong> COMERCIANTE<\/p><p><strong>Edad:<\/strong> 31<\/p>\n<hr class=\"wp-block-separator has-text-color has-white-color has-alpha-channel-opacity has-white-background-color has-background is-style-default\"\/>\tJos\u00e9 Guillermo Acevedo Moreno muri\u00f3 ese d\u00eda a las 20:10 horas en Calle 13 frente al N\u00ba 1015, poblaci\u00f3n Exequiel Gonz\u00e1lez Cort\u00e9s, por herida de bala tor\u00e1cica, como acredita el Certificado M\u00e9dico de Defunci\u00f3n del Instituto M\u00e9dico Legal.  \r\n\r\nAlrededor de las 19:50 horas de ese d\u00eda y faltando algunos minutos para el inicio del toque de queda, Jos\u00e9 Acevedo sali\u00f3 de su domicilio ubicado en la poblaci\u00f3n Exequiel Gonz\u00e1lez Cortes junto con un pariente, para dirigirse a un negocio cercano. \r\n\r\nCuando regresaban, seg\u00fan se\u00f1al\u00f3 este familiar, fueron baleados por efectivos de una patrulla militar que se movilizaba en una camioneta. Jos\u00e9 Acevedo recibi\u00f3 un impacto de bala en la regi\u00f3n tor\u00e1cica y falleci\u00f3 en el lugar. Su acompa\u00f1ante fue herido en un brazo.\r\n\r\nConsiderando los antecedentes reunidos y la investigaci\u00f3n realizada por esta Corporaci\u00f3n, el Consejo Superior, atendidas la causa de su muerte y la \u00e9poca en que ella ocurri\u00f3, declar\u00f3 a Jos\u00e9 Guillermo Acevedo Moreno v\u00edctima de la violencia pol\u00edtica imperante.\t","protected":false},"excerpt":{"rendered":"<p>\tJos\u00e9 Guillermo Acevedo Moreno, 32 a\u00f1os, comerciante. Muerto el 4 de noviembre de 1973 en Santiago.\t &hellip; <a href=\"https:\/\/interactivos.museodelamemoria.cl\/victims\/?p=1193\" class=\"more-link\"><span class=\"readmore\">Averigua m\u00e1s acerca de esta v\u00edctima&#8230;<span class=\"screen-reader-text\">ACEVEDO MORENO JOSE GUILLERMO<\/span><\/span><\/a><\/p>\n","protected":false},"author":1,"featured_media":0,"comment_status":"open","ping_status":"open","sticky":false,"template":"","format":"standard","meta":{"footnotes":""},"categories":[5],"tags":[],"class_list":["post-1193","post","type-post","status-publish","format-standard","hentry","category-ejecutado-politico"],"_links":{"self":[{"href":"https:\/\/interactivos.museodelamemoria.cl\/victims\/index.php?rest_route=\/wp\/v2\/posts\/1193"}],"collection":[{"href":"https:\/\/interactivos.museodelamemoria.cl\/victims\/index.php?rest_route=\/wp\/v2\/posts"}],"about":[{"href":"https:\/\/interactivos.museodelamemoria.cl\/victims\/index.php?rest_route=\/wp\/v2\/types\/post"}],"author":[{"embeddable":true,"href":"https:\/\/interactivos.museodelamemoria.cl\/victims\/index.php?rest_route=\/wp\/v2\/users\/1"}],"replies":[{"embeddable":true,"href":"https:\/\/interactivos.museodelamemoria.cl\/victims\/index.php?rest_route=%2Fwp%2Fv2%2Fcomments&post=1193"}],"version-history":[{"count":0,"href":"https:\/\/interactivos.museodelamemoria.cl\/victims\/index.php?rest_route=\/wp\/v2\/posts\/1193\/revisions"}],"wp:attachment":[{"href":"https:\/\/interactivos.museodelamemoria.cl\/victims\/index.php?rest_route=%2Fwp%2Fv2%2Fmedia&parent=1193"}],"wp:term":[{"taxonomy":"category","embeddable":true,"href":"https:\/\/interactivos.museodelamemoria.cl\/victims\/index.php?rest_route=%2Fwp%2Fv2%2Fcategories&post=1193"},{"taxonomy":"post_tag","embeddable":true,"href":"https:\/\/interactivos.museodelamemoria.cl\/victims\/index.php?rest_route=%2Fwp%2Fv2%2Ftags&post=1193"}],"curies":[{"name":"wp","href":"https:\/\/api.w.org\/{rel}","templated":true}]}}