{"id":1219,"date":"2013-04-01T00:00:00","date_gmt":"2013-04-01T00:00:00","guid":{"rendered":""},"modified":"2024-09-03T16:34:55","modified_gmt":"2024-09-03T16:34:55","slug":"victima-1-121","status":"publish","type":"post","link":"https:\/\/interactivos.museodelamemoria.cl\/victims\/?p=1219","title":{"rendered":"MIMICA ARGOTE GREGORIO"},"content":{"rendered":"<hr class=\"wp-block-separator has-text-color has-white-color has-alpha-channel-opacity has-white-background-color has-background is-style-default\"\/><p><strong>Instancia Calificadora:<\/strong> CVR violaci\u00f3n de DDHH<\/p><p><strong>Militancia:<\/strong> PC<\/p><p><strong>Regi\u00f3n:<\/strong> RM Metropolitana<\/p><p><strong>Ciudad:<\/strong> SANTIAGO<\/p><p><strong>Comuna:<\/strong> SAN MIGUEL<\/p><p><strong>Fecha Detenci\u00f3n\/Muerte:<\/strong> 14-09-1973<\/p><p><strong>Ocupaci\u00f3n:<\/strong> ESTUDIANTE UNIVERSITARIO<\/p><p><strong>Edad:<\/strong> 22<\/p>\n<hr class=\"wp-block-separator has-text-color has-white-color has-alpha-channel-opacity has-white-background-color has-background is-style-default\"\/><p>Entre el 13 y el 16 de septiembre de 1973 se producen varias muertes y desaparecimientos ligados a la presencia de detenidos en el Estadio Chile.<\/p>\n<p>S\u00f3crates PONCE PACHECO, 30 a\u00f1os, ecuatoriano, abogado, interventor de la empresa INDUMET, militante socialista.<br \/>\nLa versi\u00f3n oficial entregada por la Canciller\u00eda chilena el 27 de Marzo de 1974, se\u00f1alaba que \u00abeste individuo era interventor de una Industria y resisti\u00f3 la acci\u00f3n de Fuerzas Militares disparando en contra de ellas y pereciendo en el enfrentamiento\u00bb.<\/p>\n<p>Sin embargo la Comisi\u00f3n recibi\u00f3 testimonios veros\u00edmiles que indican que Ponce fue detenido el 11 de septiembre de 1973, en su lugar de trabajo por efectivos de Carabineros, y trasladado a la 12\u00ba Comisar\u00eda. Desde all\u00ed fue enviado al Regimiento Tacna en la ma\u00f1ana del 12 de Septiembre, para ser finalmente trasladado al Estadio Chile al mediod\u00eda. En la madrugada del d\u00eda 13 fue llamado a trav\u00e9s de altoparlantes y personal del Ej\u00e9rcito lo sac\u00f3 del recinto.<\/p>\n<p>El cad\u00e1ver fue encontrado en las inmediaciones del Estadio Chile, Uni\u00f3n Latinoamericana con Alameda, presentando ocho heridas de bala, de conformidad al protocolo de autopsia. El cuerpo fue retirado del Instituto M\u00e9dico Legal por sus familiares. El certificado de defunci\u00f3n se\u00f1ala como data de la muerte el d\u00eda 12 de septiembre, lo que difiere con lo declarado por los familiares.<\/p>\n<p>En m\u00e9rito de los antecedentes expuestos, la Comisi\u00f3n se form\u00f3 la convicci\u00f3n de que S\u00f3crates Ponce fue ejecutado al margen de toda legalidad por agentes del Estado, constituyendo ello una violaci\u00f3n a sus derechos humanos fundamentales. Basa su convicci\u00f3n en los testimonios recibidos acerca de la detenci\u00f3n del afectado y su presencia en diversos recintos, y los documentos que dan cuenta de las causas de su muerte, todo lo cual permite desmentir la versi\u00f3n oficial acerca del presunto enfrentamiento.<\/p>\n<p>Gregorio MIMICA ARGOTE, 22 a\u00f1os, soltero, estudiante universitario, dirigente estudiantil de la Universidad T\u00e9cnica, militante comunista.<\/p>\n<p>El afectado fue detenido en su domicilio el 14 de Septiembre de 1973, por una patrulla militar, cuando reci\u00e9n llegaba tras ser liberado despu\u00e9s de dos d\u00edas de arresto en el Estadio Chile. Desde esa fecha no se han vuelto a tener noticias sobre su paradero.<\/p>\n<p>La Comisi\u00f3n se form\u00f3 la convicci\u00f3n de que la desaparici\u00f3n de Gregorio Mimica es de responsabilidad de agentes del Estado que actuaron en violaci\u00f3n a sus derechos fundamentales. Se basa dicha convicci\u00f3n en que se acredit\u00f3 su detenci\u00f3n, en su militancia pol\u00edtica y su calidad de dirigente estudiantil, en el hecho que hab\u00eda sido detenido en el Estadio Chile, con anterioridad y en que desde esa \u00e9poca hasta ahora, no existe indicio alguno sobre su paradero y suerte.<\/p>\n\n\n<blockquote class=\"wp-block-quote is-layout-flow wp-block-quote-is-layout-flow\">\n<hr class=\"wp-block-separator has-alpha-channel-opacity\"\/>\n<cite><br>Para revisar informaci\u00f3n judicial sobre esta persona acceda al repositorio del Proyecto Expedientes de la Represi\u00f3n, que recopila las sentencias judiciales dictadas en los procesos penales ya concluidos por violaciones de derechos humanos cometidas durante la dictadura.<\/cite><\/blockquote>\n\n\n\n<figure class=\"wp-block-image size-full is-resized\"><a href=\"https:\/\/expedientesdelarepresion.cl\/causa\/gregorio-mimica-argote\/\" target=\"_blank\" rel=\"noreferrer noopener\"><img loading=\"lazy\" decoding=\"async\" width=\"126\" height=\"121\" src=\"https:\/\/interactivos.museodelamemoria.cl\/victimas\/wp-content\/uploads\/2024\/07\/logo-expedientes-de-la-represion_ok-e1721845389628.png\" alt=\"\" class=\"wp-image-5088\" style=\"width:104px;height:auto\"\/><\/a><\/figure>\n","protected":false},"excerpt":{"rendered":"<p>\tGregorio Mimica Argote, 22 a\u00f1os,  estudiante universitario, dirigente estudiantil de la Universidad T\u00e9cnica, militante del Partido Comunista. Detenido desaparecido desde el 14 de septiembre de 1973 en Santiago.<br \/>\n\t &hellip; <a href=\"https:\/\/interactivos.museodelamemoria.cl\/victims\/?p=1219\" class=\"more-link\"><span class=\"readmore\">Averigua m\u00e1s acerca de esta v\u00edctima&#8230;<span class=\"screen-reader-text\">MIMICA ARGOTE GREGORIO<\/span><\/span><\/a><\/p>\n","protected":false},"author":1,"featured_media":0,"comment_status":"open","ping_status":"open","sticky":false,"template":"","format":"standard","meta":{"footnotes":""},"categories":[6],"tags":[],"class_list":["post-1219","post","type-post","status-publish","format-standard","hentry","category-detenido-desaparecido"],"_links":{"self":[{"href":"https:\/\/interactivos.museodelamemoria.cl\/victims\/index.php?rest_route=\/wp\/v2\/posts\/1219"}],"collection":[{"href":"https:\/\/interactivos.museodelamemoria.cl\/victims\/index.php?rest_route=\/wp\/v2\/posts"}],"about":[{"href":"https:\/\/interactivos.museodelamemoria.cl\/victims\/index.php?rest_route=\/wp\/v2\/types\/post"}],"author":[{"embeddable":true,"href":"https:\/\/interactivos.museodelamemoria.cl\/victims\/index.php?rest_route=\/wp\/v2\/users\/1"}],"replies":[{"embeddable":true,"href":"https:\/\/interactivos.museodelamemoria.cl\/victims\/index.php?rest_route=%2Fwp%2Fv2%2Fcomments&post=1219"}],"version-history":[{"count":3,"href":"https:\/\/interactivos.museodelamemoria.cl\/victims\/index.php?rest_route=\/wp\/v2\/posts\/1219\/revisions"}],"predecessor-version":[{"id":6309,"href":"https:\/\/interactivos.museodelamemoria.cl\/victims\/index.php?rest_route=\/wp\/v2\/posts\/1219\/revisions\/6309"}],"wp:attachment":[{"href":"https:\/\/interactivos.museodelamemoria.cl\/victims\/index.php?rest_route=%2Fwp%2Fv2%2Fmedia&parent=1219"}],"wp:term":[{"taxonomy":"category","embeddable":true,"href":"https:\/\/interactivos.museodelamemoria.cl\/victims\/index.php?rest_route=%2Fwp%2Fv2%2Fcategories&post=1219"},{"taxonomy":"post_tag","embeddable":true,"href":"https:\/\/interactivos.museodelamemoria.cl\/victims\/index.php?rest_route=%2Fwp%2Fv2%2Ftags&post=1219"}],"curies":[{"name":"wp","href":"https:\/\/api.w.org\/{rel}","templated":true}]}}