{"id":1221,"date":"2013-04-01T00:00:00","date_gmt":"2013-04-01T00:00:00","guid":{"rendered":""},"modified":"2013-04-01T00:00:00","modified_gmt":"2013-04-01T00:00:00","slug":"victima-1","status":"publish","type":"post","link":"https:\/\/interactivos.museodelamemoria.cl\/victims\/?p=1221","title":{"rendered":"FERREIRA-RAMOS SCALTRITTI DANIEL"},"content":{"rendered":"<hr class=\"wp-block-separator has-text-color has-white-color has-alpha-channel-opacity has-white-background-color has-background is-style-default\"\/><p><strong>Instancia Calificadora:<\/strong> CNRR violaci\u00f3n de DDHH<\/p><p><strong>Militancia:<\/strong> Sin Militancia<\/p><p><strong>Regi\u00f3n:<\/strong> RM Metropolitana<\/p><p><strong>Ciudad:<\/strong> SANTIAGO<\/p><p><strong>Comuna:<\/strong> <\/p><p><strong>Fecha Detenci\u00f3n\/Muerte:<\/strong> 15-01-1987<\/p><p><strong>Ocupaci\u00f3n:<\/strong> <\/p><p><strong>Edad:<\/strong> 38<\/p>\n<hr class=\"wp-block-separator has-text-color has-white-color has-alpha-channel-opacity has-white-background-color has-background is-style-default\"\/>\tDaniel Ferreira-Ramos Scaltritti muri\u00f3 ese d\u00eda a las 16:50 horas, en la Posta N\u00ba 3, por un traumatismo cr\u00e1neo encef\u00e1lico y contusiones m\u00faltiples tor\u00e1cico abdominal, seg\u00fan consigna el Certificado de Defunci\u00f3n.\r\n\r\nDaniel Ferreira-Ramos fue detenido el 15 de enero en la ma\u00f1ana, por funcionarios de la Brigada Investigadora de Asaltos de la Polic\u00eda de Investigaciones, cuando intentaba huir despu\u00e9s de haber participado en un asalto a una sucursal bancaria en el sector Estaci\u00f3n Central. \r\n\r\nEn el procedimiento de detenci\u00f3n recibi\u00f3 seis heridas de bala en ambas piernas, por lo que debi\u00f3 ser trasladado a la Posta N\u00ba 3, donde se determin\u00f3 enviarlo al Instituto Traumatol\u00f3gico en una ambulancia. Los polic\u00edas que se encontraban presentes manifestaron que ellos mismos efectuar\u00edan el traslado. Sin embargo, los funcionarios no lo llevaron al centro asistencial, sino que lo mantuvieron en el interior de un veh\u00edculo, someti\u00e9ndolo a interrogatorios y apremios f\u00edsicos. \r\n\r\nHoras despu\u00e9s lo trasladaron nuevamente a la Posta N\u00ba 3, adonde lleg\u00f3 sin vida. \r\n\r\nEl Protocolo de Autopsia ratifica la causa de muerte se\u00f1alada e indica que las lesiones recibidas son el resultado de la acci\u00f3n de terceros. Se consigna, adem\u00e1s, la existencia de seis heridas de bala en el cuerpo, que no fueron causantes de la muerte.\r\n\r\nConsiderando los antecedentes reunidos por esta Corporaci\u00f3n, el Consejo Superior concluy\u00f3 que la muerte de Daniel Ferreira-Ramos Scaltritti fue consecuencia directa de las torturas y golpes a que fue sometido por agentes del Estado, mientras se encontraba herido y detenido. Por tal raz\u00f3n, lo declar\u00f3 v\u00edctima de violaci\u00f3n de derechos humanos.\t","protected":false},"excerpt":{"rendered":"<p>\tDaniel Ferreira-Ramos Scaltritti, 38 a\u00f1os, uruguayo. Muerto el 15 de enero de 1987 en Santiago.\t &hellip; <a href=\"https:\/\/interactivos.museodelamemoria.cl\/victims\/?p=1221\" class=\"more-link\"><span class=\"readmore\">Averigua m\u00e1s acerca de esta v\u00edctima&#8230;<span class=\"screen-reader-text\">FERREIRA-RAMOS SCALTRITTI DANIEL<\/span><\/span><\/a><\/p>\n","protected":false},"author":1,"featured_media":0,"comment_status":"open","ping_status":"open","sticky":false,"template":"","format":"standard","meta":{"footnotes":""},"categories":[5],"tags":[],"class_list":["post-1221","post","type-post","status-publish","format-standard","hentry","category-ejecutado-politico"],"_links":{"self":[{"href":"https:\/\/interactivos.museodelamemoria.cl\/victims\/index.php?rest_route=\/wp\/v2\/posts\/1221"}],"collection":[{"href":"https:\/\/interactivos.museodelamemoria.cl\/victims\/index.php?rest_route=\/wp\/v2\/posts"}],"about":[{"href":"https:\/\/interactivos.museodelamemoria.cl\/victims\/index.php?rest_route=\/wp\/v2\/types\/post"}],"author":[{"embeddable":true,"href":"https:\/\/interactivos.museodelamemoria.cl\/victims\/index.php?rest_route=\/wp\/v2\/users\/1"}],"replies":[{"embeddable":true,"href":"https:\/\/interactivos.museodelamemoria.cl\/victims\/index.php?rest_route=%2Fwp%2Fv2%2Fcomments&post=1221"}],"version-history":[{"count":0,"href":"https:\/\/interactivos.museodelamemoria.cl\/victims\/index.php?rest_route=\/wp\/v2\/posts\/1221\/revisions"}],"wp:attachment":[{"href":"https:\/\/interactivos.museodelamemoria.cl\/victims\/index.php?rest_route=%2Fwp%2Fv2%2Fmedia&parent=1221"}],"wp:term":[{"taxonomy":"category","embeddable":true,"href":"https:\/\/interactivos.museodelamemoria.cl\/victims\/index.php?rest_route=%2Fwp%2Fv2%2Fcategories&post=1221"},{"taxonomy":"post_tag","embeddable":true,"href":"https:\/\/interactivos.museodelamemoria.cl\/victims\/index.php?rest_route=%2Fwp%2Fv2%2Ftags&post=1221"}],"curies":[{"name":"wp","href":"https:\/\/api.w.org\/{rel}","templated":true}]}}