{"id":1241,"date":"2013-04-01T00:00:00","date_gmt":"2013-04-01T00:00:00","guid":{"rendered":""},"modified":"2013-04-01T00:00:00","modified_gmt":"2013-04-01T00:00:00","slug":"victima-1","status":"publish","type":"post","link":"https:\/\/interactivos.museodelamemoria.cl\/victims\/?p=1241","title":{"rendered":"MARIN NOVOA PEDRO MANUEL"},"content":{"rendered":"<hr class=\"wp-block-separator has-text-color has-white-color has-alpha-channel-opacity has-white-background-color has-background is-style-default\"\/><p><strong>Instancia Calificadora:<\/strong> CVR violaci\u00f3n de DDHH<\/p><p><strong>Militancia:<\/strong> Sin Militancia<\/p><p><strong>Regi\u00f3n:<\/strong> RM Metropolitana<\/p><p><strong>Ciudad:<\/strong> SANTIAGO<\/p><p><strong>Comuna:<\/strong> PUDAHUEL<\/p><p><strong>Fecha Detenci\u00f3n\/Muerte:<\/strong> 11-09-1983<\/p><p><strong>Ocupaci\u00f3n:<\/strong> OBRERO POJH<\/p><p><strong>Edad:<\/strong> 24<\/p>\n<hr class=\"wp-block-separator has-text-color has-white-color has-alpha-channel-opacity has-white-background-color has-background is-style-default\"\/>\tEl 11 de septiembre de 1983, en la Comuna de Pudahuel, muri\u00f3 Pedro MARIN NOVOA, de 24 a\u00f1os de edad.\r\n\r\nEse d\u00eda los trabajadores del Programa de Empleo M\u00ednimo (PEM) y del Programa Ocupacional para Jefes de Hogar (POJH) de dicha comuna fueron citados al complejo Santa Corina, cerca de la Municipalidad respectiva, con el objeto de ser trasladados a los actos en conmemoraci\u00f3n del 11 de septiembre de 1973, que se realizar\u00edan en el centro de Santiago.  Alrededor de las 9:30 horas un furg\u00f3n con altoparlantes comunic\u00f3 que la asistencia al acto era voluntaria, y que quienes quisieran se pod\u00edan retirar a sus domicilios, respet\u00e1ndose los tres d\u00edas libres ofrecidos previamente.\r\n\r\nEn ese momento se produjeron incidentes entre quienes quer\u00edan asistir al acto y quienes no.  Se lanzaron piedras sobre los veh\u00edculos que servir\u00edan de transporte.  En esas circunstancias, apareci\u00f3 un Jeep de la Municipalidad, desde el cual funcionarios del Departamento de Seguridad realizaron disparos en contra de los trabajadores reunidos.  Uno de esos disparos caus\u00f3 la muerte a Pedro Mar\u00edn Novoa.\r\n\r\nLos hechos descritos, los m\u00faltiples testimonios conocidos por esta Comisi\u00f3n y la sentencia condenatoria del Tribunal competente, permiten formarse la convicci\u00f3n que Pedro Mar\u00edn fue v\u00edctima de la acci\u00f3n de personas al servicio del Estado, quienes violaron sus derechos humanos al quitarle la vida.\t","protected":false},"excerpt":{"rendered":"<p>\tPedro Manuel Mar\u00edn Novoa, 24 a\u00f1os, obrero. Muerto el 11 de septiembre de 1983 en Santiago.<br \/>\n\t &hellip; <a href=\"https:\/\/interactivos.museodelamemoria.cl\/victims\/?p=1241\" class=\"more-link\"><span class=\"readmore\">Averigua m\u00e1s acerca de esta v\u00edctima&#8230;<span class=\"screen-reader-text\">MARIN NOVOA PEDRO MANUEL<\/span><\/span><\/a><\/p>\n","protected":false},"author":1,"featured_media":0,"comment_status":"open","ping_status":"open","sticky":false,"template":"","format":"standard","meta":{"footnotes":""},"categories":[5],"tags":[],"class_list":["post-1241","post","type-post","status-publish","format-standard","hentry","category-ejecutado-politico"],"_links":{"self":[{"href":"https:\/\/interactivos.museodelamemoria.cl\/victims\/index.php?rest_route=\/wp\/v2\/posts\/1241"}],"collection":[{"href":"https:\/\/interactivos.museodelamemoria.cl\/victims\/index.php?rest_route=\/wp\/v2\/posts"}],"about":[{"href":"https:\/\/interactivos.museodelamemoria.cl\/victims\/index.php?rest_route=\/wp\/v2\/types\/post"}],"author":[{"embeddable":true,"href":"https:\/\/interactivos.museodelamemoria.cl\/victims\/index.php?rest_route=\/wp\/v2\/users\/1"}],"replies":[{"embeddable":true,"href":"https:\/\/interactivos.museodelamemoria.cl\/victims\/index.php?rest_route=%2Fwp%2Fv2%2Fcomments&post=1241"}],"version-history":[{"count":0,"href":"https:\/\/interactivos.museodelamemoria.cl\/victims\/index.php?rest_route=\/wp\/v2\/posts\/1241\/revisions"}],"wp:attachment":[{"href":"https:\/\/interactivos.museodelamemoria.cl\/victims\/index.php?rest_route=%2Fwp%2Fv2%2Fmedia&parent=1241"}],"wp:term":[{"taxonomy":"category","embeddable":true,"href":"https:\/\/interactivos.museodelamemoria.cl\/victims\/index.php?rest_route=%2Fwp%2Fv2%2Fcategories&post=1241"},{"taxonomy":"post_tag","embeddable":true,"href":"https:\/\/interactivos.museodelamemoria.cl\/victims\/index.php?rest_route=%2Fwp%2Fv2%2Ftags&post=1241"}],"curies":[{"name":"wp","href":"https:\/\/api.w.org\/{rel}","templated":true}]}}