{"id":1247,"date":"2013-04-01T00:00:00","date_gmt":"2013-04-01T00:00:00","guid":{"rendered":""},"modified":"2013-04-01T00:00:00","modified_gmt":"2013-04-01T00:00:00","slug":"victima-1","status":"publish","type":"post","link":"https:\/\/interactivos.museodelamemoria.cl\/victims\/?p=1247","title":{"rendered":"MU\u00d1OZ RIVEROS ALEXIS EDUARDO"},"content":{"rendered":"<hr class=\"wp-block-separator has-text-color has-white-color has-alpha-channel-opacity has-white-background-color has-background is-style-default\"\/><p><strong>Instancia Calificadora:<\/strong> CVR violencia pol\u00edtica<\/p><p><strong>Militancia:<\/strong> PN<\/p><p><strong>Regi\u00f3n:<\/strong> RM Metropolitana<\/p><p><strong>Ciudad:<\/strong> SANTIAGO<\/p><p><strong>Comuna:<\/strong> SAN MIGUEL<\/p><p><strong>Fecha Detenci\u00f3n\/Muerte:<\/strong> 28-04-1988<\/p><p><strong>Ocupaci\u00f3n:<\/strong> ESTUDIANTE ENSE\u00d1ANZA MEDIA<\/p><p><strong>Edad:<\/strong> 17<\/p>\n<hr class=\"wp-block-separator has-text-color has-white-color has-alpha-channel-opacity has-white-background-color has-background is-style-default\"\/>\tEl 28 de abril de 1988 muri\u00f3 Alexis Eduardo MU\u00d1OZ RIVEROS, de 17 a\u00f1os, estudiante de ense\u00f1anza t\u00e9cnico &#8211; profesional y militante del Partido Nacional.\r\n\r\nPor la noche, al finalizar una manifestaci\u00f3n de estudiantes en apoyo a una protesta de profesores, fue muerto por un disparo de bala efectuado por un particular en el sector de Avenida Departamental (Santiago) en circunstancias que esta Comisi\u00f3n no pudo clarificar.\r\n\r\nLos antecedentes reunidos por la Comisi\u00f3n le permiten formarse la convicci\u00f3n que Alexis Eduardo Mu\u00f1oz cay\u00f3 producto de la violencia pol\u00edtica del per\u00edodo.\t","protected":false},"excerpt":{"rendered":"<p>\tAlexis Eduardo Mu\u00f1oz Riveros, 17 a\u00f1os, estudiante de ense\u00f1anza t\u00e9cnico &#8211; profesional, militante del Partido Nacional. Muerto el 28 de abril de 1988.<br \/>\n\t &hellip; <a href=\"https:\/\/interactivos.museodelamemoria.cl\/victims\/?p=1247\" class=\"more-link\"><span class=\"readmore\">Averigua m\u00e1s acerca de esta v\u00edctima&#8230;<span class=\"screen-reader-text\">MU\u00d1OZ RIVEROS ALEXIS EDUARDO<\/span><\/span><\/a><\/p>\n","protected":false},"author":1,"featured_media":0,"comment_status":"open","ping_status":"open","sticky":false,"template":"","format":"standard","meta":{"footnotes":""},"categories":[5],"tags":[],"class_list":["post-1247","post","type-post","status-publish","format-standard","hentry","category-ejecutado-politico"],"_links":{"self":[{"href":"https:\/\/interactivos.museodelamemoria.cl\/victims\/index.php?rest_route=\/wp\/v2\/posts\/1247"}],"collection":[{"href":"https:\/\/interactivos.museodelamemoria.cl\/victims\/index.php?rest_route=\/wp\/v2\/posts"}],"about":[{"href":"https:\/\/interactivos.museodelamemoria.cl\/victims\/index.php?rest_route=\/wp\/v2\/types\/post"}],"author":[{"embeddable":true,"href":"https:\/\/interactivos.museodelamemoria.cl\/victims\/index.php?rest_route=\/wp\/v2\/users\/1"}],"replies":[{"embeddable":true,"href":"https:\/\/interactivos.museodelamemoria.cl\/victims\/index.php?rest_route=%2Fwp%2Fv2%2Fcomments&post=1247"}],"version-history":[{"count":0,"href":"https:\/\/interactivos.museodelamemoria.cl\/victims\/index.php?rest_route=\/wp\/v2\/posts\/1247\/revisions"}],"wp:attachment":[{"href":"https:\/\/interactivos.museodelamemoria.cl\/victims\/index.php?rest_route=%2Fwp%2Fv2%2Fmedia&parent=1247"}],"wp:term":[{"taxonomy":"category","embeddable":true,"href":"https:\/\/interactivos.museodelamemoria.cl\/victims\/index.php?rest_route=%2Fwp%2Fv2%2Fcategories&post=1247"},{"taxonomy":"post_tag","embeddable":true,"href":"https:\/\/interactivos.museodelamemoria.cl\/victims\/index.php?rest_route=%2Fwp%2Fv2%2Ftags&post=1247"}],"curies":[{"name":"wp","href":"https:\/\/api.w.org\/{rel}","templated":true}]}}