{"id":1275,"date":"2013-04-01T00:00:00","date_gmt":"2013-04-01T00:00:00","guid":{"rendered":""},"modified":"2024-09-04T14:56:25","modified_gmt":"2024-09-04T14:56:25","slug":"victima-1-780","status":"publish","type":"post","link":"https:\/\/interactivos.museodelamemoria.cl\/victims\/?p=1275","title":{"rendered":"PUGA ROJAS ANA MARIA IRENE"},"content":{"rendered":"<hr class=\"wp-block-separator has-text-color has-white-color has-alpha-channel-opacity has-white-background-color has-background is-style-default\"\/><p><strong>Instancia Calificadora:<\/strong> CVR violaci\u00f3n de DDHH<\/p><p><strong>Militancia:<\/strong> MIR<\/p><p><strong>Regi\u00f3n:<\/strong> RM Metropolitana<\/p><p><strong>Ciudad:<\/strong> SANTIAGO<\/p><p><strong>Comuna:<\/strong> <\/p><p><strong>Fecha Detenci\u00f3n\/Muerte:<\/strong> 03-12-1974<\/p><p><strong>Ocupaci\u00f3n:<\/strong> ACTRIZ, PROFESORA U.DE CHILE<\/p><p><strong>Edad:<\/strong> 26<\/p>\n<hr class=\"wp-block-separator has-text-color has-white-color has-alpha-channel-opacity has-white-background-color has-background is-style-default\"\/><p>El 3 de diciembre de 1974 falleci\u00f3 el matrimonio formado por Alejandro DE LA BARRA VILLARROEL y Ana Mar\u00eda Irene PUGA ROJAS, cientista pol\u00edtico y profesora y actriz, respectivamente, ambos militantes del MIR y \u00e9l dirigente de dicha colectividad.  Ese d\u00eda fueron emboscados cuando se dirig\u00edan a buscar a su hijo a la salida del jard\u00edn infantil donde asist\u00eda en calle Pedro de Valdivia con Andacollo.  El jard\u00edn en cuesti\u00f3n hab\u00eda sido visitado con anterioridad por agentes de la DINA que por esa v\u00eda hab\u00edan podido dar con sus v\u00edctimas.<\/p>\n<p>La Comisi\u00f3n lleg\u00f3 a la convicci\u00f3n de que Alejandro de la Barra y Ana Mar\u00eda Puga se movilizaban en un autom\u00f3vil y al llegar a la intersecci\u00f3n ya mencionada se les dispar\u00f3 sin que hubiese habido orden de detenci\u00f3n ni resistencia de su parte, por lo cual tiene la convicci\u00f3n de que fueron ejecutados por agentes estatales, en violaci\u00f3n de sus derechos humanos.<\/p>\n\n\n<div class=\"wp-block-media-text is-stacked-on-mobile\" style=\"grid-template-columns:15% auto\"><figure class=\"wp-block-media-text__media\"><img loading=\"lazy\" decoding=\"async\" width=\"126\" height=\"121\" src=\"https:\/\/interactivos.museodelamemoria.cl\/victimas\/wp-content\/uploads\/2024\/07\/logo-expedientes-de-la-represion_ok-e1721845389628.png\" alt=\"\" class=\"wp-image-5088 size-full\"\/><\/figure><div class=\"wp-block-media-text__content\">\n<figure class=\"wp-block-embed is-type-wp-embed is-provider-expedientes-de-la-represi-n wp-block-embed-expedientes-de-la-represi-n\"><div class=\"wp-block-embed__wrapper\">\n<blockquote class=\"wp-embedded-content\" data-secret=\"0gtJknlbBk\"><a href=\"https:\/\/expedientesdelarepresion.cl\/causa\/ana-maria-puga-ortiz-y-alejandro-de-la-barra-villarroel\/\">Ana Mar\u00eda Puga Ortiz y Alejandro de la Barra Villarroel<\/a><\/blockquote><iframe loading=\"lazy\" class=\"wp-embedded-content\" sandbox=\"allow-scripts\" security=\"restricted\" style=\"position: absolute; visibility: hidden;\" title=\"\u00abAna Mar\u00eda Puga Ortiz y Alejandro de la Barra Villarroel\u00bb \u2014 Expedientes de la Represi\u00f3n\" src=\"https:\/\/expedientesdelarepresion.cl\/causa\/ana-maria-puga-ortiz-y-alejandro-de-la-barra-villarroel\/embed\/#?secret=GwKl7fVB4v#?secret=0gtJknlbBk\" data-secret=\"0gtJknlbBk\" width=\"600\" height=\"338\" frameborder=\"0\" marginwidth=\"0\" marginheight=\"0\" scrolling=\"no\"><\/iframe>\n<\/div><\/figure>\n<\/div><\/div>\n","protected":false},"excerpt":{"rendered":"<p>\tAna Mar\u00eda Irene Puga Rojas, profesora y actriz, militante del Movimiento de Izquierda Revolucionaria (MIR). Muerta el 3 de diciembre de 1974 en Santiago.   \t &hellip; <a href=\"https:\/\/interactivos.museodelamemoria.cl\/victims\/?p=1275\" class=\"more-link\"><span class=\"readmore\">Averigua m\u00e1s acerca de esta v\u00edctima&#8230;<span class=\"screen-reader-text\">PUGA ROJAS ANA MARIA IRENE<\/span><\/span><\/a><\/p>\n","protected":false},"author":1,"featured_media":0,"comment_status":"open","ping_status":"open","sticky":false,"template":"","format":"standard","meta":{"footnotes":""},"categories":[5],"tags":[],"class_list":["post-1275","post","type-post","status-publish","format-standard","hentry","category-ejecutado-politico"],"_links":{"self":[{"href":"https:\/\/interactivos.museodelamemoria.cl\/victims\/index.php?rest_route=\/wp\/v2\/posts\/1275"}],"collection":[{"href":"https:\/\/interactivos.museodelamemoria.cl\/victims\/index.php?rest_route=\/wp\/v2\/posts"}],"about":[{"href":"https:\/\/interactivos.museodelamemoria.cl\/victims\/index.php?rest_route=\/wp\/v2\/types\/post"}],"author":[{"embeddable":true,"href":"https:\/\/interactivos.museodelamemoria.cl\/victims\/index.php?rest_route=\/wp\/v2\/users\/1"}],"replies":[{"embeddable":true,"href":"https:\/\/interactivos.museodelamemoria.cl\/victims\/index.php?rest_route=%2Fwp%2Fv2%2Fcomments&post=1275"}],"version-history":[{"count":1,"href":"https:\/\/interactivos.museodelamemoria.cl\/victims\/index.php?rest_route=\/wp\/v2\/posts\/1275\/revisions"}],"predecessor-version":[{"id":6382,"href":"https:\/\/interactivos.museodelamemoria.cl\/victims\/index.php?rest_route=\/wp\/v2\/posts\/1275\/revisions\/6382"}],"wp:attachment":[{"href":"https:\/\/interactivos.museodelamemoria.cl\/victims\/index.php?rest_route=%2Fwp%2Fv2%2Fmedia&parent=1275"}],"wp:term":[{"taxonomy":"category","embeddable":true,"href":"https:\/\/interactivos.museodelamemoria.cl\/victims\/index.php?rest_route=%2Fwp%2Fv2%2Fcategories&post=1275"},{"taxonomy":"post_tag","embeddable":true,"href":"https:\/\/interactivos.museodelamemoria.cl\/victims\/index.php?rest_route=%2Fwp%2Fv2%2Ftags&post=1275"}],"curies":[{"name":"wp","href":"https:\/\/api.w.org\/{rel}","templated":true}]}}