{"id":1283,"date":"2013-04-01T00:00:00","date_gmt":"2013-04-01T00:00:00","guid":{"rendered":""},"modified":"2013-04-01T00:00:00","modified_gmt":"2013-04-01T00:00:00","slug":"victima-1","status":"publish","type":"post","link":"https:\/\/interactivos.museodelamemoria.cl\/victims\/?p=1283","title":{"rendered":"RAMIREZ PE\u00d1A SERGIO HERNAN"},"content":{"rendered":"<hr class=\"wp-block-separator has-text-color has-white-color has-alpha-channel-opacity has-white-background-color has-background is-style-default\"\/><p><strong>Instancia Calificadora:<\/strong> CVR violaci\u00f3n de DDHH<\/p><p><strong>Militancia:<\/strong> Sin Militancia<\/p><p><strong>Regi\u00f3n:<\/strong> RM Metropolitana<\/p><p><strong>Ciudad:<\/strong> SANTIAGO<\/p><p><strong>Comuna:<\/strong> SAN JOAQUIN<\/p><p><strong>Fecha Detenci\u00f3n\/Muerte:<\/strong> 06-12-1973<\/p><p><strong>Ocupaci\u00f3n:<\/strong> ESTUDIANTE ENSE\u00d1ANZA BASICA<\/p><p><strong>Edad:<\/strong> 17<\/p>\n<hr class=\"wp-block-separator has-text-color has-white-color has-alpha-channel-opacity has-white-background-color has-background is-style-default\"\/>\tEl d\u00eda 6 de diciembre de 1973, muere Sergio Hern\u00e1n RAMIREZ PE\u00d1A, 17 a\u00f1os, estudiante.\r\n\r\nEn los instantes en que Ram\u00edrez sal\u00eda desde su domicilio ubicado en la poblaci\u00f3n La Legua, pas\u00f3 una patrulla de militares que persegu\u00edan a unos j\u00f3venes, los que al disparar lo impactan, caus\u00e1ndole la muerte.  \r\n\r\nEl protocolo de autopsia indica como causa de la muerte una \u00abherida de bala cervical, con salida de proyectil\u00bb, agregando que \u00abla trayectoria seguida por el proyectil es de atr\u00e1s (hacia) adelante, de derecha a izquierda y de abajo (hacia) arriba\u00bb.\r\n\r\nDe acuerdo a los antecedentes expuestos, esta Comisi\u00f3n se ha formado convicci\u00f3n que Sergio Ramirez muri\u00f3 a consecuencia de un uso excesivo e indiscriminado de la fuerza, y por lo tanto se le considera una v\u00edctima de violaci\u00f3n a sus derechos humanos por parte de agentes del Estado.\t","protected":false},"excerpt":{"rendered":"<p>\tSergio Hern\u00e1n Ram\u00edrez Pe\u00f1a, 17 a\u00f1os, estudiante. Muerto el 6 de diciembre de 1973 en Santiago.\t &hellip; <a href=\"https:\/\/interactivos.museodelamemoria.cl\/victims\/?p=1283\" class=\"more-link\"><span class=\"readmore\">Averigua m\u00e1s acerca de esta v\u00edctima&#8230;<span class=\"screen-reader-text\">RAMIREZ PE\u00d1A SERGIO HERNAN<\/span><\/span><\/a><\/p>\n","protected":false},"author":1,"featured_media":0,"comment_status":"open","ping_status":"open","sticky":false,"template":"","format":"standard","meta":{"footnotes":""},"categories":[5],"tags":[],"class_list":["post-1283","post","type-post","status-publish","format-standard","hentry","category-ejecutado-politico"],"_links":{"self":[{"href":"https:\/\/interactivos.museodelamemoria.cl\/victims\/index.php?rest_route=\/wp\/v2\/posts\/1283"}],"collection":[{"href":"https:\/\/interactivos.museodelamemoria.cl\/victims\/index.php?rest_route=\/wp\/v2\/posts"}],"about":[{"href":"https:\/\/interactivos.museodelamemoria.cl\/victims\/index.php?rest_route=\/wp\/v2\/types\/post"}],"author":[{"embeddable":true,"href":"https:\/\/interactivos.museodelamemoria.cl\/victims\/index.php?rest_route=\/wp\/v2\/users\/1"}],"replies":[{"embeddable":true,"href":"https:\/\/interactivos.museodelamemoria.cl\/victims\/index.php?rest_route=%2Fwp%2Fv2%2Fcomments&post=1283"}],"version-history":[{"count":0,"href":"https:\/\/interactivos.museodelamemoria.cl\/victims\/index.php?rest_route=\/wp\/v2\/posts\/1283\/revisions"}],"wp:attachment":[{"href":"https:\/\/interactivos.museodelamemoria.cl\/victims\/index.php?rest_route=%2Fwp%2Fv2%2Fmedia&parent=1283"}],"wp:term":[{"taxonomy":"category","embeddable":true,"href":"https:\/\/interactivos.museodelamemoria.cl\/victims\/index.php?rest_route=%2Fwp%2Fv2%2Fcategories&post=1283"},{"taxonomy":"post_tag","embeddable":true,"href":"https:\/\/interactivos.museodelamemoria.cl\/victims\/index.php?rest_route=%2Fwp%2Fv2%2Ftags&post=1283"}],"curies":[{"name":"wp","href":"https:\/\/api.w.org\/{rel}","templated":true}]}}