{"id":1293,"date":"2013-04-01T00:00:00","date_gmt":"2013-04-01T00:00:00","guid":{"rendered":""},"modified":"2013-04-01T00:00:00","modified_gmt":"2013-04-01T00:00:00","slug":"victima-1","status":"publish","type":"post","link":"https:\/\/interactivos.museodelamemoria.cl\/victims\/?p=1293","title":{"rendered":"MATURANA VALDERRAMA SAMUEL EDUARDO"},"content":{"rendered":"<hr class=\"wp-block-separator has-text-color has-white-color has-alpha-channel-opacity has-white-background-color has-background is-style-default\"\/><p><strong>Instancia Calificadora:<\/strong> CVR violaci\u00f3n de DDHH<\/p><p><strong>Militancia:<\/strong> PS<\/p><p><strong>Regi\u00f3n:<\/strong> RM Metropolitana<\/p><p><strong>Ciudad:<\/strong> SANTIAGO<\/p><p><strong>Comuna:<\/strong> CONCHALI<\/p><p><strong>Fecha Detenci\u00f3n\/Muerte:<\/strong> 08-10-1973<\/p><p><strong>Ocupaci\u00f3n:<\/strong> FUNCIONARIO CANAEMPU<\/p><p><strong>Edad:<\/strong> 21<\/p>\n<hr class=\"wp-block-separator has-text-color has-white-color has-alpha-channel-opacity has-white-background-color has-background is-style-default\"\/>\tEl 8 de octubre de 1973, en su domicilio, ante testigos y en horas de toque de queda, fue detenido por civiles que no se identificaron, Samuel Eduardo MATURANA VALDERRAMA, 21 a\u00f1os, empleado, militante del Partido Socialista.  \r\n\r\nLos aprehensores preguntaron por Samuel Maturana y luego de aprehenderlo, lo llevaron detenido en un veh\u00edculo sin patente en que se movilizaban.  La b\u00fasqueda de la familia result\u00f3 infructuosa y hasta la fecha no existe noticia alguna de su paradero.   \r\n\r\nEsta Comisi\u00f3n ha adquirido la convicci\u00f3n que la detenci\u00f3n y posterior desaparici\u00f3n de Samuel Eduardo Maturana Valderrama fue una violaci\u00f3n a los derechos humanos realizada por motivaciones pol\u00edticas y presumiblemente por agentes del Estado.  Fundan esta convicci\u00f3n la militancia pol\u00edtica de la v\u00edctima y el hecho que sus aprehensores se movilizaban en horas de toque de queda en un veh\u00edculo sin patente, en Octubre de 1973.\t","protected":false},"excerpt":{"rendered":"<p>\tSamuel Eduardo Maturana Valderrama, 21 a\u00f1os, empleado, militante del Partido Socialista. Detenido desaparecido desde el 8 de octubre de 1973 en Santiago.\t &hellip; <a href=\"https:\/\/interactivos.museodelamemoria.cl\/victims\/?p=1293\" class=\"more-link\"><span class=\"readmore\">Averigua m\u00e1s acerca de esta v\u00edctima&#8230;<span class=\"screen-reader-text\">MATURANA VALDERRAMA SAMUEL EDUARDO<\/span><\/span><\/a><\/p>\n","protected":false},"author":1,"featured_media":0,"comment_status":"open","ping_status":"open","sticky":false,"template":"","format":"standard","meta":{"footnotes":""},"categories":[6],"tags":[],"class_list":["post-1293","post","type-post","status-publish","format-standard","hentry","category-detenido-desaparecido"],"_links":{"self":[{"href":"https:\/\/interactivos.museodelamemoria.cl\/victims\/index.php?rest_route=\/wp\/v2\/posts\/1293"}],"collection":[{"href":"https:\/\/interactivos.museodelamemoria.cl\/victims\/index.php?rest_route=\/wp\/v2\/posts"}],"about":[{"href":"https:\/\/interactivos.museodelamemoria.cl\/victims\/index.php?rest_route=\/wp\/v2\/types\/post"}],"author":[{"embeddable":true,"href":"https:\/\/interactivos.museodelamemoria.cl\/victims\/index.php?rest_route=\/wp\/v2\/users\/1"}],"replies":[{"embeddable":true,"href":"https:\/\/interactivos.museodelamemoria.cl\/victims\/index.php?rest_route=%2Fwp%2Fv2%2Fcomments&post=1293"}],"version-history":[{"count":0,"href":"https:\/\/interactivos.museodelamemoria.cl\/victims\/index.php?rest_route=\/wp\/v2\/posts\/1293\/revisions"}],"wp:attachment":[{"href":"https:\/\/interactivos.museodelamemoria.cl\/victims\/index.php?rest_route=%2Fwp%2Fv2%2Fmedia&parent=1293"}],"wp:term":[{"taxonomy":"category","embeddable":true,"href":"https:\/\/interactivos.museodelamemoria.cl\/victims\/index.php?rest_route=%2Fwp%2Fv2%2Fcategories&post=1293"},{"taxonomy":"post_tag","embeddable":true,"href":"https:\/\/interactivos.museodelamemoria.cl\/victims\/index.php?rest_route=%2Fwp%2Fv2%2Ftags&post=1293"}],"curies":[{"name":"wp","href":"https:\/\/api.w.org\/{rel}","templated":true}]}}