{"id":1298,"date":"2013-04-01T00:00:00","date_gmt":"2013-04-01T00:00:00","guid":{"rendered":""},"modified":"2013-09-04T19:51:01","modified_gmt":"2013-09-04T19:51:01","slug":"victima-1-204","status":"publish","type":"post","link":"https:\/\/interactivos.museodelamemoria.cl\/victims\/?p=1298","title":{"rendered":"MU\u00d1OZ RAUL ANTONIO"},"content":{"rendered":"<hr class=\"wp-block-separator has-text-color has-white-color has-alpha-channel-opacity has-white-background-color has-background is-style-default\"\/><p><strong>Instancia Calificadora:<\/strong> CVR violaci\u00f3n de DDHH<\/p><p><strong>Militancia:<\/strong> Sin Militancia<\/p><p><strong>Regi\u00f3n:<\/strong> RM Metropolitana<\/p><p><strong>Ciudad:<\/strong> SANTIAGO<\/p><p><strong>Comuna:<\/strong> CONCHALI<\/p><p><strong>Fecha Detenci\u00f3n\/Muerte:<\/strong> 29-09-1973<\/p><p><strong>Ocupaci\u00f3n:<\/strong> EMPLEADO FERRETERIA MONTERO<\/p><p><strong>Edad:<\/strong> 50<\/p>\n<hr class=\"wp-block-separator has-text-color has-white-color has-alpha-channel-opacity has-white-background-color has-background is-style-default\"\/>El d\u00eda 29 de septiembre desaparece tras su detenci\u00f3n en su domicilio de la poblaci\u00f3n Einstein, El Salto, por efectivos militares del Regimiento Bu\u00edn, Ra\u00fal Antonio MU\u00d1OZ MU\u00d1OZ, 50 a\u00f1os, empleado, dirigente sindical.\r\n\r\nEl afectado fue trasladado inmediatamente a la Prefectura de Carabineros de Fuerzas Especiales, lugar desde donde desapareci\u00f3, sin que tras ello se obtenga noticia alguna de su paradero y destino final.\r\n\r\nLa Comisi\u00f3n se form\u00f3 la convicci\u00f3n que Ra\u00fal Antonio Mu\u00f1oz Mu\u00f1oz se halla desaparecido por responsabilidad de agentes del estado, toda vez que se encuentra acreditado su arresto, permanencia en un recinto policial y que tras ello no ha realizado acci\u00f3n o gesti\u00f3n alguna que de cuenta de su existencia. En consecuencia, el afectado fue v\u00edctima de una violaci\u00f3n grave a los derechos humanos, atribuible a la acci\u00f3n de agentes estatales.","protected":false},"excerpt":{"rendered":"<p>\tRa\u00fal Antonio Mu\u00f1oz Mu\u00f1oz, 50 a\u00f1os, empleado, dirigente sindical. Detenido desaparecido desde el 29 de septiembre de 1973 en Santiago.\t &hellip; <a href=\"https:\/\/interactivos.museodelamemoria.cl\/victims\/?p=1298\" class=\"more-link\"><span class=\"readmore\">Averigua m\u00e1s acerca de esta v\u00edctima&#8230;<span class=\"screen-reader-text\">MU\u00d1OZ RAUL ANTONIO<\/span><\/span><\/a><\/p>\n","protected":false},"author":1,"featured_media":0,"comment_status":"open","ping_status":"open","sticky":false,"template":"","format":"standard","meta":{"footnotes":""},"categories":[6],"tags":[],"class_list":["post-1298","post","type-post","status-publish","format-standard","hentry","category-detenido-desaparecido"],"_links":{"self":[{"href":"https:\/\/interactivos.museodelamemoria.cl\/victims\/index.php?rest_route=\/wp\/v2\/posts\/1298"}],"collection":[{"href":"https:\/\/interactivos.museodelamemoria.cl\/victims\/index.php?rest_route=\/wp\/v2\/posts"}],"about":[{"href":"https:\/\/interactivos.museodelamemoria.cl\/victims\/index.php?rest_route=\/wp\/v2\/types\/post"}],"author":[{"embeddable":true,"href":"https:\/\/interactivos.museodelamemoria.cl\/victims\/index.php?rest_route=\/wp\/v2\/users\/1"}],"replies":[{"embeddable":true,"href":"https:\/\/interactivos.museodelamemoria.cl\/victims\/index.php?rest_route=%2Fwp%2Fv2%2Fcomments&post=1298"}],"version-history":[{"count":2,"href":"https:\/\/interactivos.museodelamemoria.cl\/victims\/index.php?rest_route=\/wp\/v2\/posts\/1298\/revisions"}],"predecessor-version":[{"id":3873,"href":"https:\/\/interactivos.museodelamemoria.cl\/victims\/index.php?rest_route=\/wp\/v2\/posts\/1298\/revisions\/3873"}],"wp:attachment":[{"href":"https:\/\/interactivos.museodelamemoria.cl\/victims\/index.php?rest_route=%2Fwp%2Fv2%2Fmedia&parent=1298"}],"wp:term":[{"taxonomy":"category","embeddable":true,"href":"https:\/\/interactivos.museodelamemoria.cl\/victims\/index.php?rest_route=%2Fwp%2Fv2%2Fcategories&post=1298"},{"taxonomy":"post_tag","embeddable":true,"href":"https:\/\/interactivos.museodelamemoria.cl\/victims\/index.php?rest_route=%2Fwp%2Fv2%2Ftags&post=1298"}],"curies":[{"name":"wp","href":"https:\/\/api.w.org\/{rel}","templated":true}]}}