{"id":1310,"date":"2013-04-01T00:00:00","date_gmt":"2013-04-01T00:00:00","guid":{"rendered":""},"modified":"2013-04-01T00:00:00","modified_gmt":"2013-04-01T00:00:00","slug":"victima-1","status":"publish","type":"post","link":"https:\/\/interactivos.museodelamemoria.cl\/victims\/?p=1310","title":{"rendered":"RIVAL VALDES LUIS HERNAN"},"content":{"rendered":"<hr class=\"wp-block-separator has-text-color has-white-color has-alpha-channel-opacity has-white-background-color has-background is-style-default\"\/><p><strong>Instancia Calificadora:<\/strong> CVR violaci\u00f3n de DDHH<\/p><p><strong>Militancia:<\/strong> Sin Militancia<\/p><p><strong>Regi\u00f3n:<\/strong> RM Metropolitana<\/p><p><strong>Ciudad:<\/strong> SANTIAGO<\/p><p><strong>Comuna:<\/strong> <\/p><p><strong>Fecha Detenci\u00f3n\/Muerte:<\/strong> 11-02-1986<\/p><p><strong>Ocupaci\u00f3n:<\/strong> SARGENTO 2\u00ba CARABINEROS<\/p><p><strong>Edad:<\/strong> 41<\/p>\n<hr class=\"wp-block-separator has-text-color has-white-color has-alpha-channel-opacity has-white-background-color has-background is-style-default\"\/>\tEl 11 de febrero de 1986 falleci\u00f3 Luis Hern\u00e1n RIVAL VALDES, de 41 a\u00f1os, Sargento 2\u00ba de Carabineros, destinado a la Prefectura de Fuerzas Especiales.\r\n\r\nEl d\u00eda 5 de ese mes, aproximadamente a las 08:00 horas, en la intersecci\u00f3n de las calles Eyzaguirre y Santa Rosa comuna de Santiago, el bus institucional que lo transportaba, fue objeto de un atentado explosivo.  A consecuencia de ello, la v\u00edctima sufri\u00f3 un traumatismo cr\u00e1neoencef\u00e1lico y cervical que le ocasionaron la muerte.\r\n\r\nEn el hecho resultando heridos otros 16 funcionarios policiales.\r\n\r\nLos antecedentes examinados permiten concluir que:\r\n\r\nUna acci\u00f3n como la descrita s\u00f3lo se entiende en cuanto pretende crear conmoci\u00f3n p\u00fablica;\r\n\r\nSus caracter\u00edsticas permiten afirmar que fue ejecutada por personas que consideran la violencia como un medio para obtener objetivos pol\u00edticos; y\r\n\r\nLos funcionarios policiales afectados se encontraban totalmente indefensos ante un hecho de esta naturaleza, y que sus ejecutores actuaron sobre seguro.\r\n\r\nEn raz\u00f3n de estos antecedentes a la Comisi\u00f3n le asiste la convicci\u00f3n que el Sargento 2\u00ba Luis Rival fue v\u00edctima de una violaci\u00f3n de sus derechos fundamentales, cometida por particulares que obraron bajo pretextos pol\u00edticos.\t","protected":false},"excerpt":{"rendered":"<p>\tLuis Hern\u00e1n Rival Vald\u00e9s, 41 a\u00f1os, Sargento 2\u00ba de Carabineros. Muerto el 11 de febrero de 1986 en Santiago.\t &hellip; <a href=\"https:\/\/interactivos.museodelamemoria.cl\/victims\/?p=1310\" class=\"more-link\"><span class=\"readmore\">Averigua m\u00e1s acerca de esta v\u00edctima&#8230;<span class=\"screen-reader-text\">RIVAL VALDES LUIS HERNAN<\/span><\/span><\/a><\/p>\n","protected":false},"author":1,"featured_media":0,"comment_status":"open","ping_status":"open","sticky":false,"template":"","format":"standard","meta":{"footnotes":""},"categories":[5],"tags":[],"class_list":["post-1310","post","type-post","status-publish","format-standard","hentry","category-ejecutado-politico"],"_links":{"self":[{"href":"https:\/\/interactivos.museodelamemoria.cl\/victims\/index.php?rest_route=\/wp\/v2\/posts\/1310"}],"collection":[{"href":"https:\/\/interactivos.museodelamemoria.cl\/victims\/index.php?rest_route=\/wp\/v2\/posts"}],"about":[{"href":"https:\/\/interactivos.museodelamemoria.cl\/victims\/index.php?rest_route=\/wp\/v2\/types\/post"}],"author":[{"embeddable":true,"href":"https:\/\/interactivos.museodelamemoria.cl\/victims\/index.php?rest_route=\/wp\/v2\/users\/1"}],"replies":[{"embeddable":true,"href":"https:\/\/interactivos.museodelamemoria.cl\/victims\/index.php?rest_route=%2Fwp%2Fv2%2Fcomments&post=1310"}],"version-history":[{"count":0,"href":"https:\/\/interactivos.museodelamemoria.cl\/victims\/index.php?rest_route=\/wp\/v2\/posts\/1310\/revisions"}],"wp:attachment":[{"href":"https:\/\/interactivos.museodelamemoria.cl\/victims\/index.php?rest_route=%2Fwp%2Fv2%2Fmedia&parent=1310"}],"wp:term":[{"taxonomy":"category","embeddable":true,"href":"https:\/\/interactivos.museodelamemoria.cl\/victims\/index.php?rest_route=%2Fwp%2Fv2%2Fcategories&post=1310"},{"taxonomy":"post_tag","embeddable":true,"href":"https:\/\/interactivos.museodelamemoria.cl\/victims\/index.php?rest_route=%2Fwp%2Fv2%2Ftags&post=1310"}],"curies":[{"name":"wp","href":"https:\/\/api.w.org\/{rel}","templated":true}]}}