{"id":1317,"date":"2013-04-01T00:00:00","date_gmt":"2013-04-01T00:00:00","guid":{"rendered":""},"modified":"2026-08-27T17:51:35","modified_gmt":"2026-08-27T21:51:35","slug":"victima-1-914","status":"publish","type":"post","link":"https:\/\/interactivos.museodelamemoria.cl\/victims\/?p=1317","title":{"rendered":"ARON SVIGILSKY DIANA FRIDA"},"content":{"rendered":"\n<hr class=\"wp-block-separator has-text-color has-white-color has-alpha-channel-opacity has-white-background-color has-background is-style-default\"\/>\n\n\n\n<div class=\"wp-block-gutena-tabs gutena-tabs-block gutena-tabs-block-42c735-fc\"><ul class=\"gutena-tabs-tab tab-center\"><li class=\"gutena-tab-title active\" data-tab=\"1\"><div class=\"gutena-tab-title-content icon-top\"><div class=\"gutena-tab-title-text\"><div>Informe Rettig<\/div><\/div><\/div><\/li><li class=\"gutena-tab-title inactive\" data-tab=\"2\"><div class=\"gutena-tab-title-content icon-top\"><div class=\"gutena-tab-title-text\"><div>Actualizaci\u00f3n relatos<\/div><\/div><\/div><\/li><li class=\"gutena-tab-title inactive\" data-tab=\"3\"><div class=\"gutena-tab-title-content icon-top\"><div class=\"gutena-tab-title-text\"><div>Otras fuentes<\/div><\/div><\/div><\/li><\/ul><div class=\"gutena-tabs-content is-layout-flow wp-block-tabs-is-layout-flow\">\n<div class=\"wp-block-gutena-tab gutena-tab-block gutena-tab-block-5642a0-7a active\" data-tab=\"1\"><p><strong>Instancia Calificadora:<\/strong> CVR violaci\u00f3n de DDHH<\/p><p><strong>Militancia:<\/strong> MIR<\/p><p><strong>Regi\u00f3n:<\/strong> RM Metropolitana<\/p><p><strong>Ciudad:<\/strong> SANTIAGO<\/p><p><strong>Comuna:<\/strong> \u00d1U\u00d1OA<\/p><p><strong>Fecha Detenci\u00f3n\/Muerte:<\/strong> 18-11-1974<\/p><p><strong>Ocupaci\u00f3n:<\/strong> ESTUDIANTE UNIVERSITARIA<\/p><p><strong>Edad:<\/strong> 24<\/p>\n\n\n\n<p>El 18 de noviembre de 1974 fue detenida en la v\u00eda p\u00fablica en la comuna de \u00d1u\u00f1oa la militante del MIR Diana Frida ARON SVIGILISKI, quien como producto de la detenci\u00f3n, result\u00f3 herida a bala.<\/p>\n\n\n\n<p style=\"margin-top:0;margin-bottom:0\">En el mes de diciembre de 1974 fue detenido por la DINA el conviviente de Diana Frida Aron quien se enter\u00f3 en Villa Grimaldi de que \u00e9sta hab\u00eda pasado por all\u00ed y hab\u00eda sido trasladada a la Cl\u00ednica de la DINA ubicada en calle Santa Luc\u00eda. Dichos antecedentes son corroborados por otros recibidos por la Comisi\u00f3n y se han estimado suficientes para llegar a la convicci\u00f3n de que Diana Aron desapareci\u00f3 por acci\u00f3n de la DINA, en violaci\u00f3n de sus derechos humanos.<\/p>\n\n\n\n<p style=\"margin-top:0;margin-bottom:0\"><\/p>\n<\/div>\n\n\n\n<div class=\"wp-block-gutena-tab gutena-tab-block gutena-tab-block-959263-8f inactive\" data-tab=\"2\">\n<figure class=\"wp-block-table\"><table class=\"has-fixed-layout\"><tbody><tr><td>Nombre: <strong>Diana Frida Ar\u00f3n Svigislky<\/strong>\u00a0<\/td><td>Fecha de nacimiento: 15 de febrero de 1950.\u00a0<\/td><\/tr><tr><td>Familia: hija de El\u00edas Ar\u00f3n y Perla Svigilsky, hermana de Roberto y Ana Mar\u00eda Ar\u00f3n Svigilsky\u00a0<\/td><td>Residencia: \u00d1u\u00f1oa, Santiago.<\/td><\/tr><tr><td>Actividad: periodista y funcionaria Editorial Quimant\u00fa<\/td><td> Militancia: Movimiento de Izquierda Revolucionaria (MIR)<\/td><\/tr><tr><td> Fecha de detenci\u00f3n: 18 de noviembre de 1974<\/td><td>Edad al momento de la detenci\u00f3n: 24 a\u00f1os.<\/td><\/tr><tr><td>Organismo del estado responsable de la desaparici\u00f3n: Direcci\u00f3n de Inteligencia Nacional (DINA)<\/td><td><\/td><\/tr><\/tbody><\/table><\/figure>\n\n\n\n<p style=\"margin-top:0;margin-bottom:0\"><\/p>\n\n\n\n<p style=\"margin-top:0;margin-bottom:0\">Responsables, delitos y condenas: Juan Manuel Guillermo Contreras Sep\u00falveda, Ej\u00e9rcito de Chile, autor de secuestro calificado condenado a quince a\u00f1os; Pedro Octavio Espinoza Bravo, Ej\u00e9rcito de Chile, autor de secuestro calificado condenado a diez a\u00f1os y un d\u00eda; Miguel Krassnoff Martchenco, Ej\u00e9rcito de Chile, autor de secuestro calificado condenado a quince a\u00f1os; Marcelo Luis Manuel Moren Brito, Ej\u00e9rcito de Chile, autor de secuestro calificado condenado a diez a\u00f1os y un d\u00eda y Osvaldo Enrique Romo Mena, DINA, autor de secuestro calificado condenado a diez a\u00f1os y un d\u00eda<\/p>\n\n\n\n<p>Caso colectivo: Villa Grimaldi.<\/p>\n\n\n\n<p>Sentencia: rol N\u00ba2.182-98.<\/p>\n\n\n\n<p>Relato actualizado<\/p>\n\n\n\n<p>Diana Frida Ar\u00f3n Svigilsky naci\u00f3 el 15 de febrero de 1950 en Recoleta. Era la hija menor de El\u00edas Ar\u00f3n y Perla Svigilsky y hermana de Roberto y Ana Mar\u00eda Ar\u00f3n Svigilsky. Trabajaba en la Editorial Quimant\u00fa y estudi\u00f3 Periodismo en la Universidad Cat\u00f3lica, instituci\u00f3n que le otorg\u00f3 el t\u00edtulo p\u00f3stumamente. Militaba en el Movimiento de Izquierda Revolucionaria (MIR) e integraba su estructura de informaciones. Viv\u00eda con su pareja, Luis Alfredo Mu\u00f1oz Gonz\u00e1lez, con quien esperaba un hijo. Ten\u00eda 24 a\u00f1os al momento de su detenci\u00f3n.<\/p>\n\n\n\n<p>El 18 de noviembre de 1974, Mar\u00eda Alicia Uribe G\u00f3mez, conocida como \u201cCarola\u201d, militante del MIR que fue detenida, sometida a torturas y que termin\u00f3 colaborando con la DINA, acord\u00f3 un punto de encuentro con Diana, cerca de su casa en la calle Rosita Renard, en la comuna de \u00d1u\u00f1oa. Alrededor de las 15:00 horas, al menos dos veh\u00edculos con agentes de la DINA llegaron al lugar. Los agentes intentaron detener a Diana, quien trat\u00f3 de huir. Durante la detenci\u00f3n, uno de sus captores le dispar\u00f3 cerca de cuatro veces y la hiri\u00f3. Los agentes la detuvieron sin orden judicial ni administrativa y no portaban identificaci\u00f3n.<\/p>\n\n\n\n<p>Miembros de la DINA la trasladaron a diversos recintos secretos como Jos\u00e9 Domingo Ca\u00f1as, Cuatro \u00c1lamos, Villa Grimaldi y a la cl\u00ednica clandestina \u201cSanta Luc\u00eda\u201d. Fue llevada inicialmente al centro de detenci\u00f3n Jos\u00e9 Domingo Ca\u00f1as despu\u00e9s de ser detenida para que la reconociera Marcia Merino, conocida como la \u00abFlaca Alejandra\u00bb . El agente de la DINA Miguel Krassnoff le dispar\u00f3 a Diana luego de que esta hiciera un movimiento brusco que fue interpretado como un intento de escape. Posteriormente fue trasladada a Villa Grimaldi<\/p>\n\n\n\n<p>Debido a las heridas de Diana, los agentes la trasladaron posteriormente a la cl\u00ednica clandestina Santa Luc\u00eda. Luego la llevaron a Villa Grimaldi, donde la interrogaron y torturaron durante varios d\u00edas por sus actividades en el MIR y, especialmente, para obtener informaci\u00f3n sobre el paradero de Luis Mu\u00f1oz Gonz\u00e1lez. M\u00e1s tarde la trasladaron a Cuatro \u00c1lamos. Durante este periodo, los agentes que manten\u00edan detenido a Luis Mu\u00f1oz lo interrogaban y le dec\u00edan que si entregaba informaci\u00f3n Diana Ar\u00f3n recibir\u00eda atenci\u00f3n m\u00e9dica adecuada.<\/p>\n\n\n\n<p>Ram\u00f3n Kenjiro Sato Venegas fue detenido el 25 de noviembre de 1974 y, producto de las torturas, permaneci\u00f3 durante aproximadamente una semana en la cl\u00ednica clandestina Santa Luc\u00eda. All\u00ed comparti\u00f3 una habitaci\u00f3n con Diana Ar\u00f3n. Ella le cont\u00f3 que la hab\u00edan detenido cerca de Avenida Ossa y que hab\u00eda resultado herida por disparos. Durante ese per\u00edodo, Diana estaba embarazada.<\/p>\n\n\n\n<p>Otros testimonios permitieron reconstruir parte de su cautiverio. Samuel Enrique Fuenzalida Devia declar\u00f3 que vio a Diana Frida Ar\u00f3n Svigilsky con vida en Villa Grimaldi y que sab\u00eda que hab\u00eda resultado herida durante su detenci\u00f3n. Silvia Dur\u00e1n Orellana se\u00f1al\u00f3 que la vio en Villa Grimaldi y en Cuatro \u00c1lamos; observ\u00f3 que estaba herida, aislada e incomunicada y que los agentes la sacaban para realizarle curaciones. Gast\u00f3n Mu\u00f1oz Briones tambi\u00e9n indic\u00f3 que cre\u00eda haber permanecido detenido con Diana en Jos\u00e9 Domingo Ca\u00f1as11.<\/p>\n\n\n\n<p>Marcia Alejandra Merino declar\u00f3 que conoc\u00eda a Diana como \u201cJuanita\u201d y que la vio detenida y vendada en Jos\u00e9 Domingo Ca\u00f1as, en presencia de Miguel Krassnoff. Tambi\u00e9n relat\u00f3 que Mar\u00eda Alicia Uribe le cont\u00f3 que los agentes la hab\u00edan llevado hasta la sala donde torturaban a Diana para pedirle que hablara. En una entrevista a Marcia Merino incorporada posteriormente al proceso, ella se\u00f1al\u00f3 que Diana lleg\u00f3 herida a Villa Grimaldi y que fue sometida a torturas. Agreg\u00f3 que vio a Krassnoff salir de la sala con las manos ensangrentadas mientras gritaba insultos antisemitas y antimarxistas contra ella.<\/p>\n\n\n\n<p>Durante la investigaci\u00f3n tambi\u00e9n surgieron distintas versiones sobre la muerte de Diana Ar\u00f3n. Fanny Medvinsky Bronfman declar\u00f3 que hab\u00eda escuchado a otras prisioneras se\u00f1alar que Krassnoff le hab\u00eda dado muerte. H\u00e9ctor Hern\u00e1n Gonz\u00e1lez Osorio afirm\u00f3 que Osvaldo Romo le hab\u00eda confirmado que Diana hab\u00eda muerto durante las torturas. Marcia Alejandra Merino record\u00f3 haber recibido informaci\u00f3n sobre su muerte.<\/p>\n\n\n\n<p>El 12 de diciembre de 1974, Ana Mar\u00eda Ar\u00f3n Svigilsky interpuso un recurso de amparo en favor de su hermana. El Comando de Aviaci\u00f3n de Combate, el Ministerio del Interior y la Jefatura de la Zona en Estado de Sitio informaron que Diana no se encontraba detenida bajo su jurisdicci\u00f3n. Manuel Contreras, entonces director de la DINA, pidi\u00f3 que la informaci\u00f3n fuera solicitada al Ministerio del Interior o a la Secretar\u00eda Ejecutiva Nacional de Detenidos. El recurso fue rechazado y los antecedentes fueron entregados al 11.\u00ba Juzgado del Crimen de Santiago. El 7 de marzo de 1975, Ana Mar\u00eda tambi\u00e9n present\u00f3 una denuncia por presunta desgracia. M\u00e1s tarde, el padre de Diana, El\u00edas Ar\u00f3n, regres\u00f3 desde Israel a Chile para buscarla, sin obtener informaci\u00f3n sobre su paradero. En enero de 1976, la causa fue cerrada temporalmente por falta de antecedentes suficientes para acreditar el delito.<\/p>\n\n\n\n<p>Sobre su participaci\u00f3n en la desaparici\u00f3n de Diana Frida Ar\u00f3n Svigilsky, Miguel Krassnoff Martchenko sostuvo que nunca hab\u00eda participado en detenciones, malos tratos, torturas ni desapariciones y que no recordaba a Diana. Osvaldo Romo Mena neg\u00f3 haber intervenido en su detenci\u00f3n, aunque en otras declaraciones entreg\u00f3 antecedentes sobre el operativo. Marcelo Moren Brito afirm\u00f3 que no conoc\u00eda a Diana ni la hab\u00eda visto detenida en recintos de la DINA. Pedro Octavio Espinoza Bravo se\u00f1al\u00f3 que no ten\u00eda antecedentes sobre ella y que era posible que hubiera estado en Villa Grimaldi sin que \u00e9l lo supiera. Juan Manuel Guillermo Contreras Sep\u00falveda sostuvo que Diana hab\u00eda resultado herida en un enfrentamiento y que militantes del MIR la hab\u00edan retirado del lugar. Sin embargo, el proceso judicial estableci\u00f3 que los cinco acusados participaron como autores en el secuestro calificado de Diana Frida Ar\u00f3n Svigilsky.<\/p>\n\n\n\n<p>Despu\u00e9s de 31 a\u00f1os de la detenci\u00f3n de Diana Frida Ar\u00f3n Svigilsky, el 30 de mayo de 2006, la Corte Suprema conden\u00f3 a Juan Manuel Guillermo Contreras Sep\u00falveda como autor de secuestro calificado a quince a\u00f1os; Pedro Octavio Espinoza Bravo fue condenado como autor de secuestro calificado a diez a\u00f1os y un d\u00eda; Miguel Krassnoff Martchenko fue condenado como autor de secuestro calificado a quince a\u00f1os; Marcelo Luis Manuel Moren Brito fue condenado como autor de secuestro calificado a diez a\u00f1os y un d\u00eda; y Osvaldo Enrique Romo Mena fue condenado como autor de secuestro calificado a diez a\u00f1os y un d\u00eda.<\/p>\n\n\n\n<p>Hasta el d\u00eda de hoy, el cuerpo de Diana Frida Ar\u00f3n Svigilsky permanece desaparecido.<\/p>\n\n\n\n<p>Escrito por Ivette Guajardo Saavedra, estudiante de Licenciatura en lengua y literatura de la Universidad Alberto Hurtado, durante 2024<\/p>\n<\/div>\n\n\n\n<div class=\"wp-block-gutena-tab gutena-tab-block gutena-tab-block-42da1f-ea inactive\" data-tab=\"3\">\n<p style=\"margin-top:0;margin-bottom:0\">Add your content here&#8230;<\/p>\n<\/div>\n<\/div><\/div>\n\n\n\n<hr class=\"wp-block-separator has-text-color has-white-color has-alpha-channel-opacity has-white-background-color has-background is-style-default\"\/>\n\n\n\n<blockquote class=\"wp-block-quote is-layout-flow wp-block-quote-is-layout-flow\">\n<hr class=\"wp-block-separator has-alpha-channel-opacity\"\/>\n<cite><br>Para revisar informaci\u00f3n judicial sobre esta persona acceda al repositorio del Proyecto Expedientes de la Represi\u00f3n, que recopila las sentencias judiciales dictadas en los procesos penales ya concluidos por violaciones de derechos humanos cometidas durante la dictadura.<\/cite><\/blockquote>\n\n\n\n<figure class=\"wp-block-image size-full is-resized\"><a href=\"https:\/\/expedientesdelarepresion.cl\/causa\/diana-frida-aron-svigilsky\/\"><img loading=\"lazy\" decoding=\"async\" width=\"126\" height=\"121\" src=\"https:\/\/interactivos.museodelamemoria.cl\/victims\/wp-content\/uploads\/2024\/07\/logo-expedientes-de-la-represion_ok-e1721845389628.png\" alt=\"\" class=\"wp-image-5088\" style=\"width:110px;height:auto\"\/><\/a><\/figure>\n","protected":false},"excerpt":{"rendered":"<p>\tDiana Frida Aron Svigiliski, 24 a\u00f1os, estudiante universitaria, militante del Movimiento de Izquierda Revolucionaria (MIR). Detenida desaparecida desde el 18 de noviembre de 1974 en Santiago.\t &hellip; <a href=\"https:\/\/interactivos.museodelamemoria.cl\/victims\/?p=1317\" class=\"more-link\"><span class=\"readmore\">Averigua m\u00e1s acerca de esta v\u00edctima&#8230;<span class=\"screen-reader-text\">ARON SVIGILSKY DIANA FRIDA<\/span><\/span><\/a><\/p>\n","protected":false},"author":1,"featured_media":0,"comment_status":"open","ping_status":"open","sticky":false,"template":"","format":"standard","meta":{"footnotes":""},"categories":[6],"tags":[],"class_list":["post-1317","post","type-post","status-publish","format-standard","hentry","category-detenido-desaparecido"],"_links":{"self":[{"href":"https:\/\/interactivos.museodelamemoria.cl\/victims\/index.php?rest_route=\/wp\/v2\/posts\/1317"}],"collection":[{"href":"https:\/\/interactivos.museodelamemoria.cl\/victims\/index.php?rest_route=\/wp\/v2\/posts"}],"about":[{"href":"https:\/\/interactivos.museodelamemoria.cl\/victims\/index.php?rest_route=\/wp\/v2\/types\/post"}],"author":[{"embeddable":true,"href":"https:\/\/interactivos.museodelamemoria.cl\/victims\/index.php?rest_route=\/wp\/v2\/users\/1"}],"replies":[{"embeddable":true,"href":"https:\/\/interactivos.museodelamemoria.cl\/victims\/index.php?rest_route=%2Fwp%2Fv2%2Fcomments&post=1317"}],"version-history":[{"count":5,"href":"https:\/\/interactivos.museodelamemoria.cl\/victims\/index.php?rest_route=\/wp\/v2\/posts\/1317\/revisions"}],"predecessor-version":[{"id":9040,"href":"https:\/\/interactivos.museodelamemoria.cl\/victims\/index.php?rest_route=\/wp\/v2\/posts\/1317\/revisions\/9040"}],"wp:attachment":[{"href":"https:\/\/interactivos.museodelamemoria.cl\/victims\/index.php?rest_route=%2Fwp%2Fv2%2Fmedia&parent=1317"}],"wp:term":[{"taxonomy":"category","embeddable":true,"href":"https:\/\/interactivos.museodelamemoria.cl\/victims\/index.php?rest_route=%2Fwp%2Fv2%2Fcategories&post=1317"},{"taxonomy":"post_tag","embeddable":true,"href":"https:\/\/interactivos.museodelamemoria.cl\/victims\/index.php?rest_route=%2Fwp%2Fv2%2Ftags&post=1317"}],"curies":[{"name":"wp","href":"https:\/\/api.w.org\/{rel}","templated":true}]}}