{"id":1328,"date":"2013-04-01T00:00:00","date_gmt":"2013-04-01T00:00:00","guid":{"rendered":""},"modified":"2025-08-04T11:12:17","modified_gmt":"2025-08-04T15:12:17","slug":"victima-1-1374","status":"publish","type":"post","link":"https:\/\/interactivos.museodelamemoria.cl\/victims\/?p=1328","title":{"rendered":"RUNCA JOSE AVELINO"},"content":{"rendered":"\n<hr class=\"wp-block-separator has-text-color has-white-color has-alpha-channel-opacity has-white-background-color has-background is-style-default\"\/>\n\n\n<p><strong>Instancia Calificadora:<\/strong> CVR violaci\u00f3n de DDHH<\/p><p><strong>Militancia:<\/strong> Sin Militancia<\/p><p><strong>Regi\u00f3n:<\/strong> X Los Lagos<\/p><p><strong>Ciudad:<\/strong> OSORNO<\/p><p><strong>Comuna:<\/strong> <\/p><p><strong>Fecha Detenci\u00f3n\/Muerte:<\/strong> 14-12-1975<\/p><p><strong>Ocupaci\u00f3n:<\/strong> OBRERO AGRICOLA<\/p><p><strong>Edad:<\/strong> 60<\/p>\n\n\n\n<hr class=\"wp-block-separator has-text-color has-white-color has-alpha-channel-opacity has-white-background-color has-background is-style-default\"\/>\n\n\n\n<p>En la madrugada del 14 de diciembre de 1975 un grupo de Carabineros y civiles allanaron el domicilio, ubicado en Quilacahui, Osorno, D\u00e9cima Regi\u00f3n, de Jos\u00e9 Avelino RUNCA, de 60 a\u00f1os, militante del PC. Seg\u00fan testimonios presenciales recibidos en esta Comisi\u00f3n, los aprehensores sacaron a la v\u00edctima de su casa y se lo llevaron despu\u00e9s de haberle disparado dos tiros. Su cuerpo fue encontrado varios d\u00edas despu\u00e9s, tirado entre matorrales. El certificado de defunci\u00f3n indica como causa de muerte una peritonitis producida por disparo de arma de fuego penetrante abdominal con salida de proyectil. La prensa de la \u00e9poca atribuy\u00f3 la muerte de Jos\u00e9 Runca a un enfrentamiento entre extremistas y Carabineros.<\/p>\n\n\n\n<p>Los antecedentes con que cuenta la Comisi\u00f3n le han permitido llegar a la convicci\u00f3n de que Jos\u00e9 Avelino Runca fue ejecutado por agentes del Estado, en violaci\u00f3n de sus derechos humanos.<\/p>\n\n\n\n<hr class=\"wp-block-separator has-alpha-channel-opacity is-style-wide\"\/>\n\n\n\n<blockquote class=\"wp-block-quote is-layout-flow wp-block-quote-is-layout-flow\">\n<p class=\"has-medium-gray-color has-text-color has-link-color has-small-font-size wp-elements-a92ec575e5fa1efcbfd6d8a36616fffb\">Para revisar informaci\u00f3n judicial sobre esta persona acceda al repositorio del Proyecto Expedientes de la Represi\u00f3n, que recopila las sentencias judiciales dictadas en los procesos penales ya concluidos por violaciones de derechos humanos cometidas durante la dictadura.<\/p>\n<\/blockquote>\n\n\n\n<figure class=\"wp-block-image size-full\"><a href=\"https:\/\/expedientesdelarepresion.cl\/causa\/caso-jose-avelino-runca\/\"><img loading=\"lazy\" decoding=\"async\" width=\"126\" height=\"121\" src=\"https:\/\/interactivos.museodelamemoria.cl\/victims\/wp-content\/uploads\/2013\/04\/image.png\" alt=\"\" class=\"wp-image-8174\"\/><\/a><\/figure>\n\n\n\n<p><\/p>\n","protected":false},"excerpt":{"rendered":"<p>\tJos\u00e9 Avelino Runca, 60 a\u00f1os, militante del Partido Comunista. Muerto el 14 de diciembre de 1975 en Osorno.\t &hellip; <a href=\"https:\/\/interactivos.museodelamemoria.cl\/victims\/?p=1328\" class=\"more-link\"><span class=\"readmore\">Averigua m\u00e1s acerca de esta v\u00edctima&#8230;<span class=\"screen-reader-text\">RUNCA JOSE AVELINO<\/span><\/span><\/a><\/p>\n","protected":false},"author":1,"featured_media":0,"comment_status":"open","ping_status":"open","sticky":false,"template":"","format":"standard","meta":{"footnotes":""},"categories":[5],"tags":[],"class_list":["post-1328","post","type-post","status-publish","format-standard","hentry","category-ejecutado-politico"],"_links":{"self":[{"href":"https:\/\/interactivos.museodelamemoria.cl\/victims\/index.php?rest_route=\/wp\/v2\/posts\/1328"}],"collection":[{"href":"https:\/\/interactivos.museodelamemoria.cl\/victims\/index.php?rest_route=\/wp\/v2\/posts"}],"about":[{"href":"https:\/\/interactivos.museodelamemoria.cl\/victims\/index.php?rest_route=\/wp\/v2\/types\/post"}],"author":[{"embeddable":true,"href":"https:\/\/interactivos.museodelamemoria.cl\/victims\/index.php?rest_route=\/wp\/v2\/users\/1"}],"replies":[{"embeddable":true,"href":"https:\/\/interactivos.museodelamemoria.cl\/victims\/index.php?rest_route=%2Fwp%2Fv2%2Fcomments&post=1328"}],"version-history":[{"count":1,"href":"https:\/\/interactivos.museodelamemoria.cl\/victims\/index.php?rest_route=\/wp\/v2\/posts\/1328\/revisions"}],"predecessor-version":[{"id":8733,"href":"https:\/\/interactivos.museodelamemoria.cl\/victims\/index.php?rest_route=\/wp\/v2\/posts\/1328\/revisions\/8733"}],"wp:attachment":[{"href":"https:\/\/interactivos.museodelamemoria.cl\/victims\/index.php?rest_route=%2Fwp%2Fv2%2Fmedia&parent=1328"}],"wp:term":[{"taxonomy":"category","embeddable":true,"href":"https:\/\/interactivos.museodelamemoria.cl\/victims\/index.php?rest_route=%2Fwp%2Fv2%2Fcategories&post=1328"},{"taxonomy":"post_tag","embeddable":true,"href":"https:\/\/interactivos.museodelamemoria.cl\/victims\/index.php?rest_route=%2Fwp%2Fv2%2Ftags&post=1328"}],"curies":[{"name":"wp","href":"https:\/\/api.w.org\/{rel}","templated":true}]}}