{"id":1340,"date":"2013-04-01T00:00:00","date_gmt":"2013-04-01T00:00:00","guid":{"rendered":""},"modified":"2017-11-28T14:53:39","modified_gmt":"2017-11-28T14:53:39","slug":"victima-1-380","status":"publish","type":"post","link":"https:\/\/interactivos.museodelamemoria.cl\/victims\/?p=1340","title":{"rendered":"ORELLANA BERRIOS LUIS EUGENIO"},"content":{"rendered":"<hr class=\"wp-block-separator has-text-color has-white-color has-alpha-channel-opacity has-white-background-color has-background is-style-default\"\/><p><strong>Instancia Calificadora:<\/strong> CNRR violencia pol\u00edtica<\/p><p><strong>Militancia:<\/strong> PS<\/p><p><strong>Regi\u00f3n:<\/strong> RM Metropolitana<\/p><p><strong>Ciudad:<\/strong> MAIPO<\/p><p><strong>Comuna:<\/strong> SAN BERNARDO<\/p><p><strong>Fecha Detenci\u00f3n\/Muerte:<\/strong> 12-09-1973<\/p><p><strong>Ocupaci\u00f3n:<\/strong> OBRERO MAESTRANZA FF.CC.<\/p><p><strong>Edad:<\/strong> 40<\/p>\n<hr class=\"wp-block-separator has-text-color has-white-color has-alpha-channel-opacity has-white-background-color has-background is-style-default\"\/>Luis Eugenio Orellana Berr\u00edos muri\u00f3 ese d\u00eda a las 11:10 horas, en el Hospital de San Bernardo, por un shock irreversible por una herida de bala con entrada de proyectil por cadera izquierda y salida por gl\u00fateo derecho, seg\u00fan consta en el Certificado M\u00e9dico de Defunci\u00f3n del Instituto M\u00e9dico Legal.\r\n\r\nTestigos declararon que, alrededor de las 21:30 horas del d\u00eda anterior, Luis Orellana sali\u00f3 de la casa de un amigo, ubicada a media cuadra de su propio domicilio en calle Progreso en la Poblaci\u00f3n Sur de San Bernardo, siendo interceptado en el trayecto por una patrulla militar, por estar infringiendo el toque de queda. Al intentar escapar y guarecerse en casa de unos vecinos, fue impactado por un proyectil disparado por los uniformados.\r\n\r\nConsiderando los antecedentes reunidos y la investigaci\u00f3n realizada, el Consejo Superior, atendiendo la \u00e9poca y la causa de la muerte, declar\u00f3 a Luis Eugenio Orellana Berr\u00edos v\u00edctima de la violencia pol\u00edtica imperante.","protected":false},"excerpt":{"rendered":"<p>\tLuis Eugenio Orellana Berr\u00edos, 40 a\u00f1os, trabajador.  Muerto el 12 de septiembre de 1973 en San Bernardo.\t &hellip; <a href=\"https:\/\/interactivos.museodelamemoria.cl\/victims\/?p=1340\" class=\"more-link\"><span class=\"readmore\">Averigua m\u00e1s acerca de esta v\u00edctima&#8230;<span class=\"screen-reader-text\">ORELLANA BERRIOS LUIS EUGENIO<\/span><\/span><\/a><\/p>\n","protected":false},"author":1,"featured_media":0,"comment_status":"open","ping_status":"open","sticky":false,"template":"","format":"standard","meta":{"footnotes":""},"categories":[5],"tags":[],"class_list":["post-1340","post","type-post","status-publish","format-standard","hentry","category-ejecutado-politico"],"_links":{"self":[{"href":"https:\/\/interactivos.museodelamemoria.cl\/victims\/index.php?rest_route=\/wp\/v2\/posts\/1340"}],"collection":[{"href":"https:\/\/interactivos.museodelamemoria.cl\/victims\/index.php?rest_route=\/wp\/v2\/posts"}],"about":[{"href":"https:\/\/interactivos.museodelamemoria.cl\/victims\/index.php?rest_route=\/wp\/v2\/types\/post"}],"author":[{"embeddable":true,"href":"https:\/\/interactivos.museodelamemoria.cl\/victims\/index.php?rest_route=\/wp\/v2\/users\/1"}],"replies":[{"embeddable":true,"href":"https:\/\/interactivos.museodelamemoria.cl\/victims\/index.php?rest_route=%2Fwp%2Fv2%2Fcomments&post=1340"}],"version-history":[{"count":2,"href":"https:\/\/interactivos.museodelamemoria.cl\/victims\/index.php?rest_route=\/wp\/v2\/posts\/1340\/revisions"}],"predecessor-version":[{"id":4651,"href":"https:\/\/interactivos.museodelamemoria.cl\/victims\/index.php?rest_route=\/wp\/v2\/posts\/1340\/revisions\/4651"}],"wp:attachment":[{"href":"https:\/\/interactivos.museodelamemoria.cl\/victims\/index.php?rest_route=%2Fwp%2Fv2%2Fmedia&parent=1340"}],"wp:term":[{"taxonomy":"category","embeddable":true,"href":"https:\/\/interactivos.museodelamemoria.cl\/victims\/index.php?rest_route=%2Fwp%2Fv2%2Fcategories&post=1340"},{"taxonomy":"post_tag","embeddable":true,"href":"https:\/\/interactivos.museodelamemoria.cl\/victims\/index.php?rest_route=%2Fwp%2Fv2%2Ftags&post=1340"}],"curies":[{"name":"wp","href":"https:\/\/api.w.org\/{rel}","templated":true}]}}