{"id":1346,"date":"2013-04-01T00:00:00","date_gmt":"2013-04-01T00:00:00","guid":{"rendered":""},"modified":"2013-04-01T00:00:00","modified_gmt":"2013-04-01T00:00:00","slug":"victima-1","status":"publish","type":"post","link":"https:\/\/interactivos.museodelamemoria.cl\/victims\/?p=1346","title":{"rendered":"RIQUELME GARATE IGNACIO HUMBERTO"},"content":{"rendered":"<hr class=\"wp-block-separator has-text-color has-white-color has-alpha-channel-opacity has-white-background-color has-background is-style-default\"\/><p><strong>Instancia Calificadora:<\/strong> CNRR violaci\u00f3n de DDHH<\/p><p><strong>Militancia:<\/strong> Sin Militancia<\/p><p><strong>Regi\u00f3n:<\/strong> RM Metropolitana<\/p><p><strong>Ciudad:<\/strong> SANTIAGO<\/p><p><strong>Comuna:<\/strong> <\/p><p><strong>Fecha Detenci\u00f3n\/Muerte:<\/strong> 12-09-1973<\/p><p><strong>Ocupaci\u00f3n:<\/strong> MECANICO<\/p><p><strong>Edad:<\/strong> 29<\/p>\n<hr class=\"wp-block-separator has-text-color has-white-color has-alpha-channel-opacity has-white-background-color has-background is-style-default\"\/>\tIgnacio Humberto Riquelme G\u00e1rate muri\u00f3 ese d\u00eda a las 15:00 horas, en la intersecci\u00f3n de calles Franklin y Sierra Bella, por una herida de bala tor\u00e1cico abdominal y craneana, seg\u00fan acredita el Certificado M\u00e9dico de Defunci\u00f3n del Instituto M\u00e9dico Legal. El Protocolo de Autopsia consigna que el cuerpo presentaba seis impactos de bala, algunas de alto calibre.\r\n\r\nDe acuerdo con las declaraciones de testigos presenciales, Ignacio Riquelme fue detenido en horas de toque de queda, en la intersecci\u00f3n de las calles se\u00f1aladas, por una patrulla militar, cuando se dirig\u00eda a su domicilio despu\u00e9s de haber compartido con unos amigos en una casa distante tres cuadras de la suya.\r\n\r\nLuego de nueve d\u00edas de b\u00fasqueda, la familia recuper\u00f3 el cuerpo desde el Instituto M\u00e9dico Legal.\r\n\r\nEl Consejo Superior, considerando la causa y la \u00e9poca de la muerte, lleg\u00f3 a la convicci\u00f3n de que Ignacio Humberto Riquelme G\u00e1rate fue ejecutado al margen de proceso legal por agentes del Estado, mientras lo manten\u00edan privado de libertad.  En consecuencia, lo declar\u00f3 v\u00edctima de violaci\u00f3n de derechos humanos.\t","protected":false},"excerpt":{"rendered":"<p>\tIgnacio Humberto Riquelme G\u00e1rate, 29 a\u00f1os, mec\u00e1nico. Muerto el 12 de septiembre de 1973 en Santiago.\t &hellip; <a href=\"https:\/\/interactivos.museodelamemoria.cl\/victims\/?p=1346\" class=\"more-link\"><span class=\"readmore\">Averigua m\u00e1s acerca de esta v\u00edctima&#8230;<span class=\"screen-reader-text\">RIQUELME GARATE IGNACIO HUMBERTO<\/span><\/span><\/a><\/p>\n","protected":false},"author":1,"featured_media":0,"comment_status":"open","ping_status":"open","sticky":false,"template":"","format":"standard","meta":{"footnotes":""},"categories":[5],"tags":[],"class_list":["post-1346","post","type-post","status-publish","format-standard","hentry","category-ejecutado-politico"],"_links":{"self":[{"href":"https:\/\/interactivos.museodelamemoria.cl\/victims\/index.php?rest_route=\/wp\/v2\/posts\/1346"}],"collection":[{"href":"https:\/\/interactivos.museodelamemoria.cl\/victims\/index.php?rest_route=\/wp\/v2\/posts"}],"about":[{"href":"https:\/\/interactivos.museodelamemoria.cl\/victims\/index.php?rest_route=\/wp\/v2\/types\/post"}],"author":[{"embeddable":true,"href":"https:\/\/interactivos.museodelamemoria.cl\/victims\/index.php?rest_route=\/wp\/v2\/users\/1"}],"replies":[{"embeddable":true,"href":"https:\/\/interactivos.museodelamemoria.cl\/victims\/index.php?rest_route=%2Fwp%2Fv2%2Fcomments&post=1346"}],"version-history":[{"count":0,"href":"https:\/\/interactivos.museodelamemoria.cl\/victims\/index.php?rest_route=\/wp\/v2\/posts\/1346\/revisions"}],"wp:attachment":[{"href":"https:\/\/interactivos.museodelamemoria.cl\/victims\/index.php?rest_route=%2Fwp%2Fv2%2Fmedia&parent=1346"}],"wp:term":[{"taxonomy":"category","embeddable":true,"href":"https:\/\/interactivos.museodelamemoria.cl\/victims\/index.php?rest_route=%2Fwp%2Fv2%2Fcategories&post=1346"},{"taxonomy":"post_tag","embeddable":true,"href":"https:\/\/interactivos.museodelamemoria.cl\/victims\/index.php?rest_route=%2Fwp%2Fv2%2Ftags&post=1346"}],"curies":[{"name":"wp","href":"https:\/\/api.w.org\/{rel}","templated":true}]}}