{"id":1372,"date":"2013-04-01T00:00:00","date_gmt":"2013-04-01T00:00:00","guid":{"rendered":""},"modified":"2013-04-01T00:00:00","modified_gmt":"2013-04-01T00:00:00","slug":"victima-1","status":"publish","type":"post","link":"https:\/\/interactivos.museodelamemoria.cl\/victims\/?p=1372","title":{"rendered":"MOLINA CANDIA ENRIQUE SEGUNDO"},"content":{"rendered":"<hr class=\"wp-block-separator has-text-color has-white-color has-alpha-channel-opacity has-white-background-color has-background is-style-default\"\/><p><strong>Instancia Calificadora:<\/strong> CNRR violaci\u00f3n de DDHH<\/p><p><strong>Militancia:<\/strong> Sin Militancia<\/p><p><strong>Regi\u00f3n:<\/strong> V Valpara\u00edso<\/p><p><strong>Ciudad:<\/strong> VALPARAISO<\/p><p><strong>Comuna:<\/strong> <\/p><p><strong>Fecha Detenci\u00f3n\/Muerte:<\/strong> 19-11-1973<\/p><p><strong>Ocupaci\u00f3n:<\/strong> <\/p><p><strong>Edad:<\/strong> 31<\/p>\n<hr class=\"wp-block-separator has-text-color has-white-color has-alpha-channel-opacity has-white-background-color has-background is-style-default\"\/>\tEnrique Segundo Molina Candia muri\u00f3 ese d\u00eda a las 19:00 horas, en la Academia de Guerra Naval de Valpara\u00edso, por asfixia por suspensi\u00f3n o ahogamiento, seg\u00fan consigna el Certificado de Defunci\u00f3n. \r\n\r\nDe acuerdo con los testimonios de familiares, Enrique Molina fue detenido alrededor del 19 de septiembre de 1973, en su domicilio, y conducido a la Base Aeronaval El Belloto; luego fue trasladado a la Academia de Guerra Naval. En este lugar se impidi\u00f3 que fuera visitado por su familiares. Dos meses despu\u00e9s, en este mismo recinto, fueron informados de que se hab\u00eda ahorcado en su celda.\r\n\r\nConsultada por la Corporaci\u00f3n, la Comandancia en Jefe de la Armada corrobor\u00f3 el hecho de la detenci\u00f3n y el posterior suicidio de Enrique Candia, y agreg\u00f3 que el motivo de la detenci\u00f3n se hab\u00eda debido a una investigaci\u00f3n por delitos comunes que hab\u00eda en su contra. \r\n\r\nEn su extracto de filiaci\u00f3n no consta que se le hubiera procesado por delito alguno, no obstante haber permanecido detenido por m\u00e1s de dos meses por efectivos de la Armada.\r\n\r\nEl Consejo Superior, si bien no pudo determinar las circunstancias precisas de la muerte de Enrique Segundo Molina Candia, concluy\u00f3 que \u00e9sta se produjo como consecuencia directa e inmediata del aislamiento y condiciones en que se le mantuvo detenido.  En consecuencia, lo declar\u00f3 v\u00edctima de violaci\u00f3n de derechos humanos.\t","protected":false},"excerpt":{"rendered":"<p>\tEnrique Segundo Molina Candia, 31 a\u00f1os, vendedor. Muerto el 19 de noviembre de 1973 en Valpara\u00edso.\t &hellip; <a href=\"https:\/\/interactivos.museodelamemoria.cl\/victims\/?p=1372\" class=\"more-link\"><span class=\"readmore\">Averigua m\u00e1s acerca de esta v\u00edctima&#8230;<span class=\"screen-reader-text\">MOLINA CANDIA ENRIQUE SEGUNDO<\/span><\/span><\/a><\/p>\n","protected":false},"author":1,"featured_media":0,"comment_status":"open","ping_status":"open","sticky":false,"template":"","format":"standard","meta":{"footnotes":""},"categories":[5],"tags":[],"class_list":["post-1372","post","type-post","status-publish","format-standard","hentry","category-ejecutado-politico"],"_links":{"self":[{"href":"https:\/\/interactivos.museodelamemoria.cl\/victims\/index.php?rest_route=\/wp\/v2\/posts\/1372"}],"collection":[{"href":"https:\/\/interactivos.museodelamemoria.cl\/victims\/index.php?rest_route=\/wp\/v2\/posts"}],"about":[{"href":"https:\/\/interactivos.museodelamemoria.cl\/victims\/index.php?rest_route=\/wp\/v2\/types\/post"}],"author":[{"embeddable":true,"href":"https:\/\/interactivos.museodelamemoria.cl\/victims\/index.php?rest_route=\/wp\/v2\/users\/1"}],"replies":[{"embeddable":true,"href":"https:\/\/interactivos.museodelamemoria.cl\/victims\/index.php?rest_route=%2Fwp%2Fv2%2Fcomments&post=1372"}],"version-history":[{"count":0,"href":"https:\/\/interactivos.museodelamemoria.cl\/victims\/index.php?rest_route=\/wp\/v2\/posts\/1372\/revisions"}],"wp:attachment":[{"href":"https:\/\/interactivos.museodelamemoria.cl\/victims\/index.php?rest_route=%2Fwp%2Fv2%2Fmedia&parent=1372"}],"wp:term":[{"taxonomy":"category","embeddable":true,"href":"https:\/\/interactivos.museodelamemoria.cl\/victims\/index.php?rest_route=%2Fwp%2Fv2%2Fcategories&post=1372"},{"taxonomy":"post_tag","embeddable":true,"href":"https:\/\/interactivos.museodelamemoria.cl\/victims\/index.php?rest_route=%2Fwp%2Fv2%2Ftags&post=1372"}],"curies":[{"name":"wp","href":"https:\/\/api.w.org\/{rel}","templated":true}]}}