{"id":1395,"date":"2013-04-01T00:00:00","date_gmt":"2013-04-01T00:00:00","guid":{"rendered":""},"modified":"2023-10-17T15:36:02","modified_gmt":"2023-10-17T15:36:02","slug":"victima-1-471","status":"publish","type":"post","link":"https:\/\/interactivos.museodelamemoria.cl\/victims\/?p=1395","title":{"rendered":"ALVAREZ PIZARRO GUMERCINDO DEL CARMEN"},"content":{"rendered":"<hr class=\"wp-block-separator has-text-color has-white-color has-alpha-channel-opacity has-white-background-color has-background is-style-default\"\/><p><strong>Instancia Calificadora:<\/strong> CVR violaci\u00f3n de DDHH<\/p><p><strong>Militancia:<\/strong> PC<\/p><p><strong>Regi\u00f3n:<\/strong> II Antofagasta<\/p><p><strong>Ciudad:<\/strong> ANTOFAGASTA<\/p><p><strong>Comuna:<\/strong> <\/p><p><strong>Fecha Detenci\u00f3n\/Muerte:<\/strong> 02-09-1974<\/p><p><strong>Ocupaci\u00f3n:<\/strong> SOLDADOR MINERA MANTOS BLANCOS<\/p><p><strong>Edad:<\/strong> 44<\/p>\n<hr class=\"wp-block-separator has-text-color has-white-color has-alpha-channel-opacity has-white-background-color has-background is-style-default\"\/>El 2 de septiembre de 1974 falleci\u00f3 Gumercindo del Carmen ALVAREZ PIZARRO, obrero de Mantos Blancos y militante del PS. El 29 de agosto hab\u00eda sido allanada en Antofagasta su casa por civiles que se identificaron como miembros de la FACh, los que se llevaron detenida a la v\u00edctima.\r\n\r\nCuatro d\u00edas despu\u00e9s fueron Carabineros a su casa y les informaron a sus familiares que Gumercindo Alvarez se encontraba hospitalizado y en estado grave. En la posta les contaron que la noche anterior hab\u00eda llegado ya muerto en un furg\u00f3n de Carabineros. Estaba muy golpeado, no ten\u00eda las u\u00f1as de las manos ni las de los pies, ten\u00eda una marca en el cuello como dejada por un alambre fino.\r\n\r\nLas huellas que registraba el cuerpo permiten a la Comisi\u00f3n llegar a la convicci\u00f3n de que Gumercindo Alvarez falleci\u00f3 producto de las torturas recibidas por parte de agentes del Estado, en violaci\u00f3n de sus derechos humanos.","protected":false},"excerpt":{"rendered":"<p>\tGumercindo del Carmen \u00c1lvarez Pizarro, obrero de Mantos Blancos, militante del Partido Socialista. Muerto el 2 de septiembre de 1974 en Antofagasta.\t &hellip; <a href=\"https:\/\/interactivos.museodelamemoria.cl\/victims\/?p=1395\" class=\"more-link\"><span class=\"readmore\">Averigua m\u00e1s acerca de esta v\u00edctima&#8230;<span class=\"screen-reader-text\">ALVAREZ PIZARRO GUMERCINDO DEL CARMEN<\/span><\/span><\/a><\/p>\n","protected":false},"author":1,"featured_media":0,"comment_status":"open","ping_status":"open","sticky":false,"template":"","format":"standard","meta":{"footnotes":""},"categories":[5],"tags":[],"class_list":["post-1395","post","type-post","status-publish","format-standard","hentry","category-ejecutado-politico"],"_links":{"self":[{"href":"https:\/\/interactivos.museodelamemoria.cl\/victims\/index.php?rest_route=\/wp\/v2\/posts\/1395"}],"collection":[{"href":"https:\/\/interactivos.museodelamemoria.cl\/victims\/index.php?rest_route=\/wp\/v2\/posts"}],"about":[{"href":"https:\/\/interactivos.museodelamemoria.cl\/victims\/index.php?rest_route=\/wp\/v2\/types\/post"}],"author":[{"embeddable":true,"href":"https:\/\/interactivos.museodelamemoria.cl\/victims\/index.php?rest_route=\/wp\/v2\/users\/1"}],"replies":[{"embeddable":true,"href":"https:\/\/interactivos.museodelamemoria.cl\/victims\/index.php?rest_route=%2Fwp%2Fv2%2Fcomments&post=1395"}],"version-history":[{"count":2,"href":"https:\/\/interactivos.museodelamemoria.cl\/victims\/index.php?rest_route=\/wp\/v2\/posts\/1395\/revisions"}],"predecessor-version":[{"id":5020,"href":"https:\/\/interactivos.museodelamemoria.cl\/victims\/index.php?rest_route=\/wp\/v2\/posts\/1395\/revisions\/5020"}],"wp:attachment":[{"href":"https:\/\/interactivos.museodelamemoria.cl\/victims\/index.php?rest_route=%2Fwp%2Fv2%2Fmedia&parent=1395"}],"wp:term":[{"taxonomy":"category","embeddable":true,"href":"https:\/\/interactivos.museodelamemoria.cl\/victims\/index.php?rest_route=%2Fwp%2Fv2%2Fcategories&post=1395"},{"taxonomy":"post_tag","embeddable":true,"href":"https:\/\/interactivos.museodelamemoria.cl\/victims\/index.php?rest_route=%2Fwp%2Fv2%2Ftags&post=1395"}],"curies":[{"name":"wp","href":"https:\/\/api.w.org\/{rel}","templated":true}]}}