{"id":1402,"date":"2013-04-01T00:00:00","date_gmt":"2013-04-01T00:00:00","guid":{"rendered":""},"modified":"2024-09-03T14:38:02","modified_gmt":"2024-09-03T14:38:02","slug":"victima-1-596","status":"publish","type":"post","link":"https:\/\/interactivos.museodelamemoria.cl\/victims\/?p=1402","title":{"rendered":"MILLAS VELIZ JUAN FERNANDO"},"content":{"rendered":"<hr class=\"wp-block-separator has-text-color has-white-color has-alpha-channel-opacity has-white-background-color has-background is-style-default\"\/><p><strong>Instancia Calificadora:<\/strong> CVR violaci\u00f3n de DDHH<\/p><p><strong>Militancia:<\/strong> Sin Militancia<\/p><p><strong>Regi\u00f3n:<\/strong> RM Metropolitana<\/p><p><strong>Ciudad:<\/strong> SANTIAGO<\/p><p><strong>Comuna:<\/strong> SAN MIGUEL<\/p><p><strong>Fecha Detenci\u00f3n\/Muerte:<\/strong> 18-11-1973<\/p><p><strong>Ocupaci\u00f3n:<\/strong> MECANICO<\/p><p><strong>Edad:<\/strong> 31<\/p>\n<hr class=\"wp-block-separator has-text-color has-white-color has-alpha-channel-opacity has-white-background-color has-background is-style-default\"\/><p>El 18 de noviembre de 1973 fue muerto Juan Fernando MILLAS VELIZ, 31 a\u00f1os, mec\u00e1nico.  La persona se\u00f1alada, en la noche del 17 de noviembre transitaba en su citroneta por Gran Avenida en direcci\u00f3n al sur, cuando en el momento de pasar frente a la 12\u00aa Comisar\u00eda de Carabineros, efectivos policiales de ese recinto le disparan, quedando herido.  Es trasladado al Hospital Barros Luco, recinto donde muere a las 05:00 horas de la madrugada del d\u00eda 18 de noviembre, a causa una \u00abherida de bala transfixiante t\u00f3raco abdominal\u00bb, disparada \u00abde larga distancia\u00bb seg\u00fan da cuenta el protocolo de autopsia.  <\/p>\n<p>La versi\u00f3n entregada por carabineros en el parte policial correspondiente, sostiene que Millas transitaba en horas de toque de queda, motivo por el cual se procedi\u00f3 a dispararle.  Sin embargo, consta en el ingreso al recinto hospitalario se\u00f1alado, que Millas lleg\u00f3 herido siendo las 23:05 horas, en circunstancias que el toque de queda se iniciaba a las 23:00 horas, lo cual hace inveros\u00edmil lo afirmado por la autoridad.<\/p>\n<p>De acuerdo a lo expresado, esta Comisi\u00f3n se ha formado convicci\u00f3n en el sentido que Juan Fernando Millas, fue v\u00edctima del uso excesivo de la fuerza de parte de los agentes del Estado, caus\u00e1ndole la muerte.<\/p>\n\n\n<blockquote class=\"wp-block-quote is-layout-flow wp-block-quote-is-layout-flow\">\n<hr class=\"wp-block-separator has-alpha-channel-opacity\"\/>\n<cite><br>Para revisar informaci\u00f3n judicial sobre esta persona acceda al repositorio del Proyecto Expedientes de la Represi\u00f3n, que recopila las sentencias judiciales dictadas en los procesos penales ya concluidos por violaciones de derechos humanos cometidas durante la dictadura.<\/cite><\/blockquote>\n\n\n\n<figure class=\"wp-block-image is-resized\"><a href=\"https:\/\/expedientesdelarepresion.cl\/causa\/juan-fernando-millas-veliz\/\" target=\"_blank\" rel=\"noreferrer noopener\"><img loading=\"lazy\" decoding=\"async\" width=\"126\" height=\"121\" src=\"https:\/\/interactivos.museodelamemoria.cl\/victimas\/wp-content\/uploads\/2024\/07\/logo-expedientes-de-la-represion_ok-e1721845389628.png\" alt=\"\" class=\"wp-image-5088\" style=\"width:117px;height:auto\"\/><\/a><\/figure>\n","protected":false},"excerpt":{"rendered":"<p>\tJuan Fernando Millas V\u00e9liz, 31 a\u00f1os, mec\u00e1nico. Muerto el 18 de noviembre de 1973 en Santiago.\t &hellip; <a href=\"https:\/\/interactivos.museodelamemoria.cl\/victims\/?p=1402\" class=\"more-link\"><span class=\"readmore\">Averigua m\u00e1s acerca de esta v\u00edctima&#8230;<span class=\"screen-reader-text\">MILLAS VELIZ JUAN FERNANDO<\/span><\/span><\/a><\/p>\n","protected":false},"author":1,"featured_media":0,"comment_status":"open","ping_status":"open","sticky":false,"template":"","format":"standard","meta":{"footnotes":""},"categories":[5],"tags":[],"class_list":["post-1402","post","type-post","status-publish","format-standard","hentry","category-ejecutado-politico"],"_links":{"self":[{"href":"https:\/\/interactivos.museodelamemoria.cl\/victims\/index.php?rest_route=\/wp\/v2\/posts\/1402"}],"collection":[{"href":"https:\/\/interactivos.museodelamemoria.cl\/victims\/index.php?rest_route=\/wp\/v2\/posts"}],"about":[{"href":"https:\/\/interactivos.museodelamemoria.cl\/victims\/index.php?rest_route=\/wp\/v2\/types\/post"}],"author":[{"embeddable":true,"href":"https:\/\/interactivos.museodelamemoria.cl\/victims\/index.php?rest_route=\/wp\/v2\/users\/1"}],"replies":[{"embeddable":true,"href":"https:\/\/interactivos.museodelamemoria.cl\/victims\/index.php?rest_route=%2Fwp%2Fv2%2Fcomments&post=1402"}],"version-history":[{"count":3,"href":"https:\/\/interactivos.museodelamemoria.cl\/victims\/index.php?rest_route=\/wp\/v2\/posts\/1402\/revisions"}],"predecessor-version":[{"id":5820,"href":"https:\/\/interactivos.museodelamemoria.cl\/victims\/index.php?rest_route=\/wp\/v2\/posts\/1402\/revisions\/5820"}],"wp:attachment":[{"href":"https:\/\/interactivos.museodelamemoria.cl\/victims\/index.php?rest_route=%2Fwp%2Fv2%2Fmedia&parent=1402"}],"wp:term":[{"taxonomy":"category","embeddable":true,"href":"https:\/\/interactivos.museodelamemoria.cl\/victims\/index.php?rest_route=%2Fwp%2Fv2%2Fcategories&post=1402"},{"taxonomy":"post_tag","embeddable":true,"href":"https:\/\/interactivos.museodelamemoria.cl\/victims\/index.php?rest_route=%2Fwp%2Fv2%2Ftags&post=1402"}],"curies":[{"name":"wp","href":"https:\/\/api.w.org\/{rel}","templated":true}]}}