{"id":1531,"date":"2013-04-01T00:00:00","date_gmt":"2013-04-01T00:00:00","guid":{"rendered":""},"modified":"2025-07-23T15:19:13","modified_gmt":"2025-07-23T19:19:13","slug":"victima-1-445","status":"publish","type":"post","link":"https:\/\/interactivos.museodelamemoria.cl\/victims\/?p=1531","title":{"rendered":"ZU\u00d1IGA VERGARA ERNESTO"},"content":{"rendered":"\n<hr class=\"wp-block-separator has-text-color has-white-color has-alpha-channel-opacity has-white-background-color has-background is-style-default\"\/>\n\n\n<p><strong>Instancia Calificadora:<\/strong> CVR violencia pol\u00edtica<\/p><p><strong>Militancia:<\/strong> MIR<\/p><p><strong>Regi\u00f3n:<\/strong> RM Metropolitana<\/p><p><strong>Ciudad:<\/strong> SANTIAGO<\/p><p><strong>Comuna:<\/strong> PUDAHUEL<\/p><p><strong>Fecha Detenci\u00f3n\/Muerte:<\/strong> 16-01-1982<\/p><p><strong>Ocupaci\u00f3n:<\/strong> MECANICO ARTILLERO, EX-MARINO<\/p><p><strong>Edad:<\/strong> 29<\/p>\n\n\n\n<hr class=\"wp-block-separator has-text-color has-white-color has-alpha-channel-opacity has-white-background-color has-background is-style-default\"\/>\n\n\n<p>El 16 de enero de 1982, seg\u00fan antecedentes recogidos por la Comisi\u00f3n, en calle Teniente Cruz con Jos\u00e9 Joaqu\u00edn P\u00e9rez, en Pudahuel, Ernesto ZU\u00d1IGA VERGARA, de 29 a\u00f1os, militante del MIR, al percatarse de la presencia de efectivos de la CNI, se dio a la fuga, produci\u00e9ndose posteriormente un enfrentamiento con los agentes que lo persegu\u00edan, a consecuencia de lo cual fue herido de muerte.<\/p>\n<p>La Comisi\u00f3n ha llegado a la convicci\u00f3n de que Ernesto Z\u00fa\u00f1iga es una v\u00edctima de la violencia pol\u00edtica.<\/p>\n\n\n<p><em>Para revisar informaci\u00f3n judicial sobre esta persona acceda al repositorio del Proyecto Expedientes de la Represi\u00f3n, que recopila las sentencias judiciales dictadas en los procesos penales ya concluidos por violaciones de derechos humanos cometidas durante la dictadura.<\/em><\/p>\n\n\n\n<figure class=\"wp-block-image size-full\"><a href=\"https:\/\/expedientesdelarepresion.cl\/causa\/caso-ernesto-enrique-zuniga-vergara\/\"><img loading=\"lazy\" decoding=\"async\" width=\"126\" height=\"121\" src=\"https:\/\/interactivos.museodelamemoria.cl\/victims\/wp-content\/uploads\/2013\/04\/image.png\" alt=\"\" class=\"wp-image-8174\"\/><\/a><\/figure>\n","protected":false},"excerpt":{"rendered":"<p>\tErnesto Z\u00fa\u00f1iga Vergara, 29 a\u00f1os,  mec\u00e1nico artillero y ex- marino, militante del Movimiento de Izquierda Revolucionario (MIR). Muerto el 16 de enero de 1982 en Santiago.\t &hellip; <a href=\"https:\/\/interactivos.museodelamemoria.cl\/victims\/?p=1531\" class=\"more-link\"><span class=\"readmore\">Averigua m\u00e1s acerca de esta v\u00edctima&#8230;<span class=\"screen-reader-text\">ZU\u00d1IGA VERGARA ERNESTO<\/span><\/span><\/a><\/p>\n","protected":false},"author":1,"featured_media":0,"comment_status":"open","ping_status":"open","sticky":false,"template":"","format":"standard","meta":{"footnotes":""},"categories":[5],"tags":[],"class_list":["post-1531","post","type-post","status-publish","format-standard","hentry","category-ejecutado-politico"],"_links":{"self":[{"href":"https:\/\/interactivos.museodelamemoria.cl\/victims\/index.php?rest_route=\/wp\/v2\/posts\/1531"}],"collection":[{"href":"https:\/\/interactivos.museodelamemoria.cl\/victims\/index.php?rest_route=\/wp\/v2\/posts"}],"about":[{"href":"https:\/\/interactivos.museodelamemoria.cl\/victims\/index.php?rest_route=\/wp\/v2\/types\/post"}],"author":[{"embeddable":true,"href":"https:\/\/interactivos.museodelamemoria.cl\/victims\/index.php?rest_route=\/wp\/v2\/users\/1"}],"replies":[{"embeddable":true,"href":"https:\/\/interactivos.museodelamemoria.cl\/victims\/index.php?rest_route=%2Fwp%2Fv2%2Fcomments&post=1531"}],"version-history":[{"count":2,"href":"https:\/\/interactivos.museodelamemoria.cl\/victims\/index.php?rest_route=\/wp\/v2\/posts\/1531\/revisions"}],"predecessor-version":[{"id":8493,"href":"https:\/\/interactivos.museodelamemoria.cl\/victims\/index.php?rest_route=\/wp\/v2\/posts\/1531\/revisions\/8493"}],"wp:attachment":[{"href":"https:\/\/interactivos.museodelamemoria.cl\/victims\/index.php?rest_route=%2Fwp%2Fv2%2Fmedia&parent=1531"}],"wp:term":[{"taxonomy":"category","embeddable":true,"href":"https:\/\/interactivos.museodelamemoria.cl\/victims\/index.php?rest_route=%2Fwp%2Fv2%2Fcategories&post=1531"},{"taxonomy":"post_tag","embeddable":true,"href":"https:\/\/interactivos.museodelamemoria.cl\/victims\/index.php?rest_route=%2Fwp%2Fv2%2Ftags&post=1531"}],"curies":[{"name":"wp","href":"https:\/\/api.w.org\/{rel}","templated":true}]}}