{"id":1543,"date":"2013-04-01T00:00:00","date_gmt":"2013-04-01T00:00:00","guid":{"rendered":""},"modified":"2013-04-01T00:00:00","modified_gmt":"2013-04-01T00:00:00","slug":"victima-1","status":"publish","type":"post","link":"https:\/\/interactivos.museodelamemoria.cl\/victims\/?p=1543","title":{"rendered":"ZU\u00d1IGA URZUA GABRIEL ANGEL"},"content":{"rendered":"<hr class=\"wp-block-separator has-text-color has-white-color has-alpha-channel-opacity has-white-background-color has-background is-style-default\"\/><p><strong>Instancia Calificadora:<\/strong> CVR violencia pol\u00edtica<\/p><p><strong>Militancia:<\/strong> Sin Militancia<\/p><p><strong>Regi\u00f3n:<\/strong> RM Metropolitana<\/p><p><strong>Ciudad:<\/strong> SANTIAGO<\/p><p><strong>Comuna:<\/strong> LA FLORIDA<\/p><p><strong>Fecha Detenci\u00f3n\/Muerte:<\/strong> 05-09-1984<\/p><p><strong>Ocupaci\u00f3n:<\/strong> OBRERO POJH<\/p><p><strong>Edad:<\/strong> 19<\/p>\n<hr class=\"wp-block-separator has-text-color has-white-color has-alpha-channel-opacity has-white-background-color has-background is-style-default\"\/>\tGabriel Angel ZU\u00d1IGA URZUA, de 19 a\u00f1os de edad, se desempe\u00f1aba como obrero en el Programa Ocupacional para Jefes de Hogar (POJH).  El 5 de septiembre por la tarde se realizaron manifestaciones callejeras en la calle Santa Julia con Am\u00e9rico Vespucio (Santiago).  Carabineros se hizo presente en el lugar.  Un funcionario policial realiz\u00f3 disparos con su arma de servicio impactando a Gabriel Angel Z\u00fa\u00f1iga, quien falleci\u00f3 a causa de la herida a bala.\r\n\r\nLos testimonios y antecedentes recibidos en la Comisi\u00f3n dan cuenta de ataques a los polic\u00edas por parte de particulares, de modo que fueron quebrados los vidrios del furg\u00f3n policial.  Los agentes del Estado, tras realizar los disparos, huyeron del lugar.  \r\n\r\nLos antecedentes conocidos llevan a esta Comisi\u00f3n a la convicci\u00f3n que Gabriel Z\u00fa\u00f1iga cay\u00f3 v\u00edctima de la violencia pol\u00edtica, pues no puede presumir que haya habido un uso excesivo de la fuerza, dada la compleja situaci\u00f3n de ese momento\t","protected":false},"excerpt":{"rendered":"<p>\tGabriel \u00c1ngel Z\u00fa\u00f1iga Urzua, 19 a\u00f1os,  obrero en el Programa para Jefes de Hogar (POJH). Muerto el 5 de septiembre de 1984 en Santiago.\t &hellip; <a href=\"https:\/\/interactivos.museodelamemoria.cl\/victims\/?p=1543\" class=\"more-link\"><span class=\"readmore\">Averigua m\u00e1s acerca de esta v\u00edctima&#8230;<span class=\"screen-reader-text\">ZU\u00d1IGA URZUA GABRIEL ANGEL<\/span><\/span><\/a><\/p>\n","protected":false},"author":1,"featured_media":0,"comment_status":"open","ping_status":"open","sticky":false,"template":"","format":"standard","meta":{"footnotes":""},"categories":[5],"tags":[],"class_list":["post-1543","post","type-post","status-publish","format-standard","hentry","category-ejecutado-politico"],"_links":{"self":[{"href":"https:\/\/interactivos.museodelamemoria.cl\/victims\/index.php?rest_route=\/wp\/v2\/posts\/1543"}],"collection":[{"href":"https:\/\/interactivos.museodelamemoria.cl\/victims\/index.php?rest_route=\/wp\/v2\/posts"}],"about":[{"href":"https:\/\/interactivos.museodelamemoria.cl\/victims\/index.php?rest_route=\/wp\/v2\/types\/post"}],"author":[{"embeddable":true,"href":"https:\/\/interactivos.museodelamemoria.cl\/victims\/index.php?rest_route=\/wp\/v2\/users\/1"}],"replies":[{"embeddable":true,"href":"https:\/\/interactivos.museodelamemoria.cl\/victims\/index.php?rest_route=%2Fwp%2Fv2%2Fcomments&post=1543"}],"version-history":[{"count":0,"href":"https:\/\/interactivos.museodelamemoria.cl\/victims\/index.php?rest_route=\/wp\/v2\/posts\/1543\/revisions"}],"wp:attachment":[{"href":"https:\/\/interactivos.museodelamemoria.cl\/victims\/index.php?rest_route=%2Fwp%2Fv2%2Fmedia&parent=1543"}],"wp:term":[{"taxonomy":"category","embeddable":true,"href":"https:\/\/interactivos.museodelamemoria.cl\/victims\/index.php?rest_route=%2Fwp%2Fv2%2Fcategories&post=1543"},{"taxonomy":"post_tag","embeddable":true,"href":"https:\/\/interactivos.museodelamemoria.cl\/victims\/index.php?rest_route=%2Fwp%2Fv2%2Ftags&post=1543"}],"curies":[{"name":"wp","href":"https:\/\/api.w.org\/{rel}","templated":true}]}}