{"id":1551,"date":"2013-04-01T00:00:00","date_gmt":"2013-04-01T00:00:00","guid":{"rendered":""},"modified":"2013-04-01T00:00:00","modified_gmt":"2013-04-01T00:00:00","slug":"victima-1","status":"publish","type":"post","link":"https:\/\/interactivos.museodelamemoria.cl\/victims\/?p=1551","title":{"rendered":"ZEGERS REED ROBERTO JOAQUIN"},"content":{"rendered":"<hr class=\"wp-block-separator has-text-color has-white-color has-alpha-channel-opacity has-white-background-color has-background is-style-default\"\/><p><strong>Instancia Calificadora:<\/strong> CVR violaci\u00f3n de DDHH<\/p><p><strong>Militancia:<\/strong> Sin Militancia<\/p><p><strong>Regi\u00f3n:<\/strong> RM Metropolitana<\/p><p><strong>Ciudad:<\/strong> SANTIAGO<\/p><p><strong>Comuna:<\/strong> LA REINA<\/p><p><strong>Fecha Detenci\u00f3n\/Muerte:<\/strong> 20-08-1989<\/p><p><strong>Ocupaci\u00f3n:<\/strong> TENIENTE EJERCITO<\/p><p><strong>Edad:<\/strong> 26<\/p>\n<hr class=\"wp-block-separator has-text-color has-white-color has-alpha-channel-opacity has-white-background-color has-background is-style-default\"\/>\tEl 20 de agosto de 1989, fue muerto Roberto Joaqu\u00edn ZEGERS REED, de 26 a\u00f1os, Teniente de Ej\u00e9rcito destinado al Comando de Aviaci\u00f3n de esa Instituci\u00f3n, en un atentado perpetrado en el aer\u00f3dromo de Tobalaba, Santiago.  \r\n\r\nCerca de la medianoche del d\u00eda 20 de agosto, el Teniente Zegers, junto a un soldado realizaba la ronda de Vigilancia de las instalaciones del Comando de Aviaci\u00f3n del Ej\u00e9rcito.  En dichas circuntancias sorprendi\u00f3 a un grupo del Frente Patri\u00f3tico Manuel Rodr\u00edguez (FPMR) que intent\u00f3 introducirse al recinto militar.  El oficial fue baleado por uno de ellos.  El soldado conscripto que lo acompa\u00f1aba hizo fuego contra el individuo que dispar\u00f3, caus\u00e1ndole a su vez la muerte.  El Teniente Zegers recibi\u00f3 seis impactos de bala, falleciendo en el mismo lugar de los hechos, seg\u00fan indic\u00f3 el protocolo de autopsia.  \r\n\r\nLos antecedentes examinados revelan que:\r\n\r\n&#8211; oficial realizaba leg\u00edtimas funciones de patrullaje de un recinto militar y su muerte se produjo cuando trataba de defender dichas instalaciones;\r\n\r\n&#8211; La autor\u00eda por parte del FPMR est\u00e1 comprobada a trav\u00e9s de diversas fuentes.  El hecho reviste caracteres de acci\u00f3n pol\u00edtica pues el objetivo del comando del FPMR era realizar acciones militares contra una instalaci\u00f3n del Ej\u00e9rcito.  \r\n\r\nPor los antecedentes reunidos, esta Comisi\u00f3n se form\u00f3 la convicci\u00f3n que el Teniente Julio Zegers, fue v\u00edctima de violaci\u00f3n de sus derechos humanos por parte de miembros del Frente Patri\u00f3tico Manuel Rodr\u00edguez.\t","protected":false},"excerpt":{"rendered":"<p>\tRoberto Joaquin Zegers Reed, 26 a\u00f1os,  Teniente del Ej\u00e9rcito. Muerto el 20 de agosto de 1989 en Santiago.\t &hellip; <a href=\"https:\/\/interactivos.museodelamemoria.cl\/victims\/?p=1551\" class=\"more-link\"><span class=\"readmore\">Averigua m\u00e1s acerca de esta v\u00edctima&#8230;<span class=\"screen-reader-text\">ZEGERS REED ROBERTO JOAQUIN<\/span><\/span><\/a><\/p>\n","protected":false},"author":1,"featured_media":0,"comment_status":"open","ping_status":"open","sticky":false,"template":"","format":"standard","meta":{"footnotes":""},"categories":[5],"tags":[],"class_list":["post-1551","post","type-post","status-publish","format-standard","hentry","category-ejecutado-politico"],"_links":{"self":[{"href":"https:\/\/interactivos.museodelamemoria.cl\/victims\/index.php?rest_route=\/wp\/v2\/posts\/1551"}],"collection":[{"href":"https:\/\/interactivos.museodelamemoria.cl\/victims\/index.php?rest_route=\/wp\/v2\/posts"}],"about":[{"href":"https:\/\/interactivos.museodelamemoria.cl\/victims\/index.php?rest_route=\/wp\/v2\/types\/post"}],"author":[{"embeddable":true,"href":"https:\/\/interactivos.museodelamemoria.cl\/victims\/index.php?rest_route=\/wp\/v2\/users\/1"}],"replies":[{"embeddable":true,"href":"https:\/\/interactivos.museodelamemoria.cl\/victims\/index.php?rest_route=%2Fwp%2Fv2%2Fcomments&post=1551"}],"version-history":[{"count":0,"href":"https:\/\/interactivos.museodelamemoria.cl\/victims\/index.php?rest_route=\/wp\/v2\/posts\/1551\/revisions"}],"wp:attachment":[{"href":"https:\/\/interactivos.museodelamemoria.cl\/victims\/index.php?rest_route=%2Fwp%2Fv2%2Fmedia&parent=1551"}],"wp:term":[{"taxonomy":"category","embeddable":true,"href":"https:\/\/interactivos.museodelamemoria.cl\/victims\/index.php?rest_route=%2Fwp%2Fv2%2Fcategories&post=1551"},{"taxonomy":"post_tag","embeddable":true,"href":"https:\/\/interactivos.museodelamemoria.cl\/victims\/index.php?rest_route=%2Fwp%2Fv2%2Ftags&post=1551"}],"curies":[{"name":"wp","href":"https:\/\/api.w.org\/{rel}","templated":true}]}}