{"id":1619,"date":"2013-04-01T00:00:00","date_gmt":"2013-04-01T00:00:00","guid":{"rendered":""},"modified":"2013-04-01T00:00:00","modified_gmt":"2013-04-01T00:00:00","slug":"victima-1","status":"publish","type":"post","link":"https:\/\/interactivos.museodelamemoria.cl\/victims\/?p=1619","title":{"rendered":"FRANKOVICH PEREZ MARIA DE LA LUZ"},"content":{"rendered":"<hr class=\"wp-block-separator has-text-color has-white-color has-alpha-channel-opacity has-white-background-color has-background is-style-default\"\/><p><strong>Instancia Calificadora:<\/strong> CNRR violaci\u00f3n de DDHH<\/p><p><strong>Militancia:<\/strong> Sin Militancia<\/p><p><strong>Regi\u00f3n:<\/strong> RM Metropolitana<\/p><p><strong>Ciudad:<\/strong> SANTIAGO<\/p><p><strong>Comuna:<\/strong> <\/p><p><strong>Fecha Detenci\u00f3n\/Muerte:<\/strong> 13-09-1973<\/p><p><strong>Ocupaci\u00f3n:<\/strong> DUE\u00d1A DE CASA<\/p><p><strong>Edad:<\/strong> 46<\/p>\n<hr class=\"wp-block-separator has-text-color has-white-color has-alpha-channel-opacity has-white-background-color has-background is-style-default\"\/>\tMar\u00eda de la Cruz Frankovich P\u00e9rez muri\u00f3 ese d\u00eda a las 18:10 horas en la Posta Central, por una herida de bala gl\u00fateo p\u00e9lvico hipog\u00e1strica complicada y anemia aguda, seg\u00fan  consigna  el Certificado M\u00e9dico de Defunci\u00f3n del Instituto M\u00e9dico Legal.\r\n\r\nEl 13 de septiembre, caminaba por calle Rogelio Ugarte junto con otras tres mujeres. En esos momentos irrumpieron en el lugar funcionarios de Carabineros, quienes dispararon durante algunos minutos y luego se retiraron, dejando herida a Mar\u00eda Frankovich.  \r\n\r\nSu marido y su hijo, que presenciaron lo sucedido, la trasladaron en un autom\u00f3vil a la Posta Central, donde falleci\u00f3.\r\n\r\nConsiderando los antecedentes reunidos en la investigaci\u00f3n realizada por esta Corporaci\u00f3n, el Consejo Superior declar\u00f3 a Mar\u00eda de la Cruz Frankovich P\u00e9rez v\u00edctima de violaci\u00f3n de derechos humanos por agentes del Estado que hicieron  uso irracional de la fuerza.\t","protected":false},"excerpt":{"rendered":"<p>\tMar\u00eda de la Cruz Frankovich P\u00e9rez, 46 a\u00f1os, due\u00f1a de casa. Muerta el 13 de septiembre de 1973 en Santiago.\t &hellip; <a href=\"https:\/\/interactivos.museodelamemoria.cl\/victims\/?p=1619\" class=\"more-link\"><span class=\"readmore\">Averigua m\u00e1s acerca de esta v\u00edctima&#8230;<span class=\"screen-reader-text\">FRANKOVICH PEREZ MARIA DE LA LUZ<\/span><\/span><\/a><\/p>\n","protected":false},"author":1,"featured_media":0,"comment_status":"open","ping_status":"open","sticky":false,"template":"","format":"standard","meta":{"footnotes":""},"categories":[5],"tags":[],"class_list":["post-1619","post","type-post","status-publish","format-standard","hentry","category-ejecutado-politico"],"_links":{"self":[{"href":"https:\/\/interactivos.museodelamemoria.cl\/victims\/index.php?rest_route=\/wp\/v2\/posts\/1619"}],"collection":[{"href":"https:\/\/interactivos.museodelamemoria.cl\/victims\/index.php?rest_route=\/wp\/v2\/posts"}],"about":[{"href":"https:\/\/interactivos.museodelamemoria.cl\/victims\/index.php?rest_route=\/wp\/v2\/types\/post"}],"author":[{"embeddable":true,"href":"https:\/\/interactivos.museodelamemoria.cl\/victims\/index.php?rest_route=\/wp\/v2\/users\/1"}],"replies":[{"embeddable":true,"href":"https:\/\/interactivos.museodelamemoria.cl\/victims\/index.php?rest_route=%2Fwp%2Fv2%2Fcomments&post=1619"}],"version-history":[{"count":0,"href":"https:\/\/interactivos.museodelamemoria.cl\/victims\/index.php?rest_route=\/wp\/v2\/posts\/1619\/revisions"}],"wp:attachment":[{"href":"https:\/\/interactivos.museodelamemoria.cl\/victims\/index.php?rest_route=%2Fwp%2Fv2%2Fmedia&parent=1619"}],"wp:term":[{"taxonomy":"category","embeddable":true,"href":"https:\/\/interactivos.museodelamemoria.cl\/victims\/index.php?rest_route=%2Fwp%2Fv2%2Fcategories&post=1619"},{"taxonomy":"post_tag","embeddable":true,"href":"https:\/\/interactivos.museodelamemoria.cl\/victims\/index.php?rest_route=%2Fwp%2Fv2%2Ftags&post=1619"}],"curies":[{"name":"wp","href":"https:\/\/api.w.org\/{rel}","templated":true}]}}