{"id":1620,"date":"2013-04-01T00:00:00","date_gmt":"2013-04-01T00:00:00","guid":{"rendered":""},"modified":"2013-04-01T00:00:00","modified_gmt":"2013-04-01T00:00:00","slug":"victima-1","status":"publish","type":"post","link":"https:\/\/interactivos.museodelamemoria.cl\/victims\/?p=1620","title":{"rendered":"MELGAREJO ROJAS SANTOS DAVID"},"content":{"rendered":"<hr class=\"wp-block-separator has-text-color has-white-color has-alpha-channel-opacity has-white-background-color has-background is-style-default\"\/><p><strong>Instancia Calificadora:<\/strong> CNRR violaci\u00f3n de DDHH<\/p><p><strong>Militancia:<\/strong> PC<\/p><p><strong>Regi\u00f3n:<\/strong> VIII Biob\u00edo<\/p><p><strong>Ciudad:<\/strong> CONCEPCION<\/p><p><strong>Comuna:<\/strong> CONCEPCION<\/p><p><strong>Fecha Detenci\u00f3n\/Muerte:<\/strong> 14-01-1979<\/p><p><strong>Ocupaci\u00f3n:<\/strong> COMERCIANTE AMBULANTE<\/p><p><strong>Edad:<\/strong> 17<\/p>\n<hr class=\"wp-block-separator has-text-color has-white-color has-alpha-channel-opacity has-white-background-color has-background is-style-default\"\/>\tSantos David Melgarejo Rojas desapareci\u00f3 ese d\u00eda, en Concepci\u00f3n, tras ser detenido por efectivos de Carabineros y permanecer recluido en la Segunda Comisar\u00eda de Carabineros de esa ciudad.\r\n\r\nDe acuerdo con lo declarado por testigos presenciales y antecedentes obtenidos del proceso judicial por denuncia de presunta desgracia, Santos Melgarejo fue detenido a las 4:00 horas del 14 de enero de 1979, por una patrulla de Carabineros, en las cercan\u00edas de una garita de taxib\u00fas ubicada dentro de la poblaci\u00f3n Ag\u00fcita de la Perdiz donde viv\u00eda.  \r\nEn su contra exist\u00eda una orden de arresto en un proceso por lesiones. El denunciante v\u00edctima de estas lesiones fue llevado el lunes 15 a la Segunda Comisar\u00eda de Carabineros de Concepci\u00f3n, para reconocer a Santos Melgarejo como su agresor. De acuerdo con lo que declar\u00f3 posteriormente, lo vio en muy malas condiciones f\u00edsicas. \r\n\r\nCon fecha 25 de enero de 1979 se interpuso una denuncia por presunta desgracia ante el Segundo Juzgado del Crimen de Concepci\u00f3n. En la investigaci\u00f3n constan declaraciones de los carabineros aprehensores en que reconocen la detenci\u00f3n del menor y que fue puesto en libertad al mediod\u00eda del 14 de enero, por no haber cargos en su contra. Adem\u00e1s, varios testigos declararon que los funcionarios de Carabineros golpearon al detenido en el momento de la aprehensi\u00f3n, caus\u00e1ndole lesiones.  A pesar de que Santos Melgarejo no fue ubicado, el Tribunal sobresey\u00f3 temporalmente el proceso y la  I. Corte de Apelaciones de Concepci\u00f3n aprob\u00f3 el sobreseimiento temporal consultado, archiv\u00e1ndose los antecedentes.\r\n\r\nConsiderando los antecedentes reunidos y la investigaci\u00f3n realizada, el Consejo Superior lleg\u00f3 a la convicci\u00f3n de que Santos David Melgarejo Rojas fue detenido por agentes del Estado y desapareci\u00f3 mientras lo manten\u00edan en esa calidad en un cuartel policial.  En tal virtud, lo declar\u00f3 v\u00edctima de violaci\u00f3n de derechos humanos.\t","protected":false},"excerpt":{"rendered":"<p>\tSantos David Melgarejo Rojas, 17 a\u00f1os, vendedor ambulante. Detenido desaparecido desde el 14 de enero de 1979 en Concepci\u00f3n.\t &hellip; <a href=\"https:\/\/interactivos.museodelamemoria.cl\/victims\/?p=1620\" class=\"more-link\"><span class=\"readmore\">Averigua m\u00e1s acerca de esta v\u00edctima&#8230;<span class=\"screen-reader-text\">MELGAREJO ROJAS SANTOS DAVID<\/span><\/span><\/a><\/p>\n","protected":false},"author":1,"featured_media":0,"comment_status":"open","ping_status":"open","sticky":false,"template":"","format":"standard","meta":{"footnotes":""},"categories":[6],"tags":[],"class_list":["post-1620","post","type-post","status-publish","format-standard","hentry","category-detenido-desaparecido"],"_links":{"self":[{"href":"https:\/\/interactivos.museodelamemoria.cl\/victims\/index.php?rest_route=\/wp\/v2\/posts\/1620"}],"collection":[{"href":"https:\/\/interactivos.museodelamemoria.cl\/victims\/index.php?rest_route=\/wp\/v2\/posts"}],"about":[{"href":"https:\/\/interactivos.museodelamemoria.cl\/victims\/index.php?rest_route=\/wp\/v2\/types\/post"}],"author":[{"embeddable":true,"href":"https:\/\/interactivos.museodelamemoria.cl\/victims\/index.php?rest_route=\/wp\/v2\/users\/1"}],"replies":[{"embeddable":true,"href":"https:\/\/interactivos.museodelamemoria.cl\/victims\/index.php?rest_route=%2Fwp%2Fv2%2Fcomments&post=1620"}],"version-history":[{"count":0,"href":"https:\/\/interactivos.museodelamemoria.cl\/victims\/index.php?rest_route=\/wp\/v2\/posts\/1620\/revisions"}],"wp:attachment":[{"href":"https:\/\/interactivos.museodelamemoria.cl\/victims\/index.php?rest_route=%2Fwp%2Fv2%2Fmedia&parent=1620"}],"wp:term":[{"taxonomy":"category","embeddable":true,"href":"https:\/\/interactivos.museodelamemoria.cl\/victims\/index.php?rest_route=%2Fwp%2Fv2%2Fcategories&post=1620"},{"taxonomy":"post_tag","embeddable":true,"href":"https:\/\/interactivos.museodelamemoria.cl\/victims\/index.php?rest_route=%2Fwp%2Fv2%2Ftags&post=1620"}],"curies":[{"name":"wp","href":"https:\/\/api.w.org\/{rel}","templated":true}]}}