{"id":1648,"date":"2013-04-01T00:00:00","date_gmt":"2013-04-01T00:00:00","guid":{"rendered":""},"modified":"2013-04-01T00:00:00","modified_gmt":"2013-04-01T00:00:00","slug":"victima-1","status":"publish","type":"post","link":"https:\/\/interactivos.museodelamemoria.cl\/victims\/?p=1648","title":{"rendered":"FUENTES MORRISON ROBERTO"},"content":{"rendered":"<hr class=\"wp-block-separator has-text-color has-white-color has-alpha-channel-opacity has-white-background-color has-background is-style-default\"\/><p><strong>Instancia Calificadora:<\/strong> CVR violaci\u00f3n de DDHH<\/p><p><strong>Militancia:<\/strong> Sin Militancia<\/p><p><strong>Regi\u00f3n:<\/strong> RM Metropolitana<\/p><p><strong>Ciudad:<\/strong> SANTIAGO<\/p><p><strong>Comuna:<\/strong> \u00d1U\u00d1OA<\/p><p><strong>Fecha Detenci\u00f3n\/Muerte:<\/strong> 09-06-1989<\/p><p><strong>Ocupaci\u00f3n:<\/strong> COMANDANTE FACH (R)<\/p><p><strong>Edad:<\/strong> 50<\/p>\n<hr class=\"wp-block-separator has-text-color has-white-color has-alpha-channel-opacity has-white-background-color has-background is-style-default\"\/>\tEl 9 de junio de 1989, fue muerto Roberto FUENTES MORRISON, de 50 a\u00f1os, Comandante de Escuadrilla de la Fuerza A\u00e9rea de Chile en retiro, y ex miembro del Comando Conjunto, en un atentado contra su vida realizado en las afueras de su domicilio, en la comuna de \u00d1u\u00f1oa.\r\n\r\nEl d\u00eda indicado, aproximadamente a las 9 horas, el afectado sal\u00eda de su domicilio ubicado en la Villa Frei, de \u00d1u\u00f1oa.  Fue emboscado por dos sujetos pertenecientes al Frente Patri\u00f3tico Manuel Rodr\u00edguez.  Uno de ellos estaba escondido entre unos arbustos, y el otro en el segundo piso del edificio donde viv\u00eda.  Ambos hicieron fuego con armas autom\u00e1ticas, abati\u00e9ndolo inmediatamente.  Los sujetos se dieron a la fuga junto a los dem\u00e1s miembros del grupo armado que hab\u00edan permanecido cubriendo el hecho.  El afectado recibi\u00f3 catorce impactos de bala.  Su muerte fue instant\u00e1nea.  \r\n\r\nVistos los antecedentes la Comisi\u00f3n concluyo que:\r\n\r\nEl ataque fue realizado por miembros del FPMR, bajo el pretexto de un \u00bb ajusticiamiento\u00bb, lo que lo enmarca dentro de una l\u00f3gica de lucha pol\u00edtica violenta.  La participaci\u00f3n del FPMR es p\u00fablica y reconocida ante la Comisi\u00f3n;\r\n\r\nEl ataque fue sorpresivo y sobre seguro, no dando posibilidad real de defensa.  \r\n\r\nPor los antecedentes que esta Comisi\u00f3n logr\u00f3 reunir, se lleg\u00f3 a la convicci\u00f3n de que Roberto Fuentes Morrison fue v\u00edctima de violaci\u00f3n de los derechos humanos realizada por integrantes del Frente Patri\u00f3tico Manuel Rodr\u00edguez.\t","protected":false},"excerpt":{"rendered":"<p>\tRoberto Fuentes Morrison, 50 a\u00f1os, Comandante de Escuadrilla de la Fuerza A\u00e9rea de Chile en retiro, y ex miembro del Comando Conjunto. Muerto el 9 de junio de 1989 en Santiago.\t &hellip; <a href=\"https:\/\/interactivos.museodelamemoria.cl\/victims\/?p=1648\" class=\"more-link\"><span class=\"readmore\">Averigua m\u00e1s acerca de esta v\u00edctima&#8230;<span class=\"screen-reader-text\">FUENTES MORRISON ROBERTO<\/span><\/span><\/a><\/p>\n","protected":false},"author":1,"featured_media":0,"comment_status":"open","ping_status":"open","sticky":false,"template":"","format":"standard","meta":{"footnotes":""},"categories":[5],"tags":[],"class_list":["post-1648","post","type-post","status-publish","format-standard","hentry","category-ejecutado-politico"],"_links":{"self":[{"href":"https:\/\/interactivos.museodelamemoria.cl\/victims\/index.php?rest_route=\/wp\/v2\/posts\/1648"}],"collection":[{"href":"https:\/\/interactivos.museodelamemoria.cl\/victims\/index.php?rest_route=\/wp\/v2\/posts"}],"about":[{"href":"https:\/\/interactivos.museodelamemoria.cl\/victims\/index.php?rest_route=\/wp\/v2\/types\/post"}],"author":[{"embeddable":true,"href":"https:\/\/interactivos.museodelamemoria.cl\/victims\/index.php?rest_route=\/wp\/v2\/users\/1"}],"replies":[{"embeddable":true,"href":"https:\/\/interactivos.museodelamemoria.cl\/victims\/index.php?rest_route=%2Fwp%2Fv2%2Fcomments&post=1648"}],"version-history":[{"count":0,"href":"https:\/\/interactivos.museodelamemoria.cl\/victims\/index.php?rest_route=\/wp\/v2\/posts\/1648\/revisions"}],"wp:attachment":[{"href":"https:\/\/interactivos.museodelamemoria.cl\/victims\/index.php?rest_route=%2Fwp%2Fv2%2Fmedia&parent=1648"}],"wp:term":[{"taxonomy":"category","embeddable":true,"href":"https:\/\/interactivos.museodelamemoria.cl\/victims\/index.php?rest_route=%2Fwp%2Fv2%2Fcategories&post=1648"},{"taxonomy":"post_tag","embeddable":true,"href":"https:\/\/interactivos.museodelamemoria.cl\/victims\/index.php?rest_route=%2Fwp%2Fv2%2Ftags&post=1648"}],"curies":[{"name":"wp","href":"https:\/\/api.w.org\/{rel}","templated":true}]}}