{"id":1650,"date":"2013-04-01T00:00:00","date_gmt":"2013-04-01T00:00:00","guid":{"rendered":""},"modified":"2013-04-01T00:00:00","modified_gmt":"2013-04-01T00:00:00","slug":"victima-1","status":"publish","type":"post","link":"https:\/\/interactivos.museodelamemoria.cl\/victims\/?p=1650","title":{"rendered":"FUENTES TOLEDO JORGE FRANCO"},"content":{"rendered":"<hr class=\"wp-block-separator has-text-color has-white-color has-alpha-channel-opacity has-white-background-color has-background is-style-default\"\/><p><strong>Instancia Calificadora:<\/strong> CVR violaci\u00f3n de DDHH<\/p><p><strong>Militancia:<\/strong> Sin Militancia<\/p><p><strong>Regi\u00f3n:<\/strong> RM Metropolitana<\/p><p><strong>Ciudad:<\/strong> SANTIAGO<\/p><p><strong>Comuna:<\/strong> PUENTE ALTO<\/p><p><strong>Fecha Detenci\u00f3n\/Muerte:<\/strong> 13-08-1983<\/p><p><strong>Ocupaci\u00f3n:<\/strong> COMERCIANTE AMBULANTE<\/p><p><strong>Edad:<\/strong> 17<\/p>\n<hr class=\"wp-block-separator has-text-color has-white-color has-alpha-channel-opacity has-white-background-color has-background is-style-default\"\/>\tJorge Franco FUENTES TOLEDO, ten\u00eda 17 a\u00f1os y trabajaba como comerciante ambulante.\r\n\r\nAlrededor de la medianoche del 12 fue muerto por un disparo de bala en la cabeza, encontr\u00e1ndose en la v\u00eda p\u00fablica en la poblaci\u00f3n La Bandera (Santiago).  \r\n\r\nVersiones concordantes y veros\u00edmiles se\u00f1alan que personal uniformado dispar\u00f3 sobre el afectado, cuando \u00e9ste no obedeci\u00f3 la orden de alto.  En atenci\u00f3n a los antecedentes expuestos esta Comisi\u00f3n tiene la convicci\u00f3n que Jorge Franco Fuentes fue muerto por agentes del Estado, quienes haciendo uso excesivo de fuerza violaron su derecho a la vida.\t","protected":false},"excerpt":{"rendered":"<p>\tJorge Franco Fuentes Toledo, 17 a\u00f1os, comerciante ambulante. Muerto el 13 de agosto de 1983 en Santiago.\t &hellip; <a href=\"https:\/\/interactivos.museodelamemoria.cl\/victims\/?p=1650\" class=\"more-link\"><span class=\"readmore\">Averigua m\u00e1s acerca de esta v\u00edctima&#8230;<span class=\"screen-reader-text\">FUENTES TOLEDO JORGE FRANCO<\/span><\/span><\/a><\/p>\n","protected":false},"author":1,"featured_media":0,"comment_status":"open","ping_status":"open","sticky":false,"template":"","format":"standard","meta":{"footnotes":""},"categories":[5],"tags":[],"class_list":["post-1650","post","type-post","status-publish","format-standard","hentry","category-ejecutado-politico"],"_links":{"self":[{"href":"https:\/\/interactivos.museodelamemoria.cl\/victims\/index.php?rest_route=\/wp\/v2\/posts\/1650"}],"collection":[{"href":"https:\/\/interactivos.museodelamemoria.cl\/victims\/index.php?rest_route=\/wp\/v2\/posts"}],"about":[{"href":"https:\/\/interactivos.museodelamemoria.cl\/victims\/index.php?rest_route=\/wp\/v2\/types\/post"}],"author":[{"embeddable":true,"href":"https:\/\/interactivos.museodelamemoria.cl\/victims\/index.php?rest_route=\/wp\/v2\/users\/1"}],"replies":[{"embeddable":true,"href":"https:\/\/interactivos.museodelamemoria.cl\/victims\/index.php?rest_route=%2Fwp%2Fv2%2Fcomments&post=1650"}],"version-history":[{"count":0,"href":"https:\/\/interactivos.museodelamemoria.cl\/victims\/index.php?rest_route=\/wp\/v2\/posts\/1650\/revisions"}],"wp:attachment":[{"href":"https:\/\/interactivos.museodelamemoria.cl\/victims\/index.php?rest_route=%2Fwp%2Fv2%2Fmedia&parent=1650"}],"wp:term":[{"taxonomy":"category","embeddable":true,"href":"https:\/\/interactivos.museodelamemoria.cl\/victims\/index.php?rest_route=%2Fwp%2Fv2%2Fcategories&post=1650"},{"taxonomy":"post_tag","embeddable":true,"href":"https:\/\/interactivos.museodelamemoria.cl\/victims\/index.php?rest_route=%2Fwp%2Fv2%2Ftags&post=1650"}],"curies":[{"name":"wp","href":"https:\/\/api.w.org\/{rel}","templated":true}]}}