{"id":1659,"date":"2013-04-01T00:00:00","date_gmt":"2013-04-01T00:00:00","guid":{"rendered":""},"modified":"2013-04-01T00:00:00","modified_gmt":"2013-04-01T00:00:00","slug":"victima-1","status":"publish","type":"post","link":"https:\/\/interactivos.museodelamemoria.cl\/victims\/?p=1659","title":{"rendered":"NAVARRETE LEIVA ARTURO ALEJANDRO"},"content":{"rendered":"<hr class=\"wp-block-separator has-text-color has-white-color has-alpha-channel-opacity has-white-background-color has-background is-style-default\"\/><p><strong>Instancia Calificadora:<\/strong> CVR violaci\u00f3n de DDHH<\/p><p><strong>Militancia:<\/strong> Sin Militancia<\/p><p><strong>Regi\u00f3n:<\/strong> IX Araucan\u00eda<\/p><p><strong>Ciudad:<\/strong> TEMUCO<\/p><p><strong>Comuna:<\/strong> TEMUCO<\/p><p><strong>Fecha Detenci\u00f3n\/Muerte:<\/strong> 11-10-1973<\/p><p><strong>Ocupaci\u00f3n:<\/strong> OBRERO FF.CC.<\/p><p><strong>Edad:<\/strong> 21<\/p>\n<hr class=\"wp-block-separator has-text-color has-white-color has-alpha-channel-opacity has-white-background-color has-background is-style-default\"\/>\tEl 11 de octubre de 1973, Arturo NAVARRETE LEIVA, 21 a\u00f1os, empleado de Ferrocarriles del Estado, sin militancia pol\u00edtica, fue detenido en el centro de la ciudad de Temuco, por una patrulla de efectivos de la Fuerza A\u00e9rea ante numerosos testigos y llevado con destino desconocido.  Los familiares declararon que las autoridades militares nunca reconocieron su detenci\u00f3n.\r\n\r\nEstando acreditada su detenci\u00f3n y no habi\u00e9ndose conocido de noticias respecto del afectado hasta la fecha, a esta Comisi\u00f3n le asiste la convicci\u00f3n que Arturo Navarrete fue v\u00edctima de violaci\u00f3n a sus derechos humanos cometida por agentes del Estado, quienes lo aprehendieron y luego lo hicieron desaparecer.\t","protected":false},"excerpt":{"rendered":"<p>\tArturo Alejandro Navarrete Leiva, 21 a\u00f1os, empleado de Ferrocarriles del Estado. Detenido desaparecido desde el 11 de octubre de 1973 en Temuco.\t &hellip; <a href=\"https:\/\/interactivos.museodelamemoria.cl\/victims\/?p=1659\" class=\"more-link\"><span class=\"readmore\">Averigua m\u00e1s acerca de esta v\u00edctima&#8230;<span class=\"screen-reader-text\">NAVARRETE LEIVA ARTURO ALEJANDRO<\/span><\/span><\/a><\/p>\n","protected":false},"author":1,"featured_media":0,"comment_status":"open","ping_status":"open","sticky":false,"template":"","format":"standard","meta":{"footnotes":""},"categories":[6],"tags":[],"class_list":["post-1659","post","type-post","status-publish","format-standard","hentry","category-detenido-desaparecido"],"_links":{"self":[{"href":"https:\/\/interactivos.museodelamemoria.cl\/victims\/index.php?rest_route=\/wp\/v2\/posts\/1659"}],"collection":[{"href":"https:\/\/interactivos.museodelamemoria.cl\/victims\/index.php?rest_route=\/wp\/v2\/posts"}],"about":[{"href":"https:\/\/interactivos.museodelamemoria.cl\/victims\/index.php?rest_route=\/wp\/v2\/types\/post"}],"author":[{"embeddable":true,"href":"https:\/\/interactivos.museodelamemoria.cl\/victims\/index.php?rest_route=\/wp\/v2\/users\/1"}],"replies":[{"embeddable":true,"href":"https:\/\/interactivos.museodelamemoria.cl\/victims\/index.php?rest_route=%2Fwp%2Fv2%2Fcomments&post=1659"}],"version-history":[{"count":0,"href":"https:\/\/interactivos.museodelamemoria.cl\/victims\/index.php?rest_route=\/wp\/v2\/posts\/1659\/revisions"}],"wp:attachment":[{"href":"https:\/\/interactivos.museodelamemoria.cl\/victims\/index.php?rest_route=%2Fwp%2Fv2%2Fmedia&parent=1659"}],"wp:term":[{"taxonomy":"category","embeddable":true,"href":"https:\/\/interactivos.museodelamemoria.cl\/victims\/index.php?rest_route=%2Fwp%2Fv2%2Fcategories&post=1659"},{"taxonomy":"post_tag","embeddable":true,"href":"https:\/\/interactivos.museodelamemoria.cl\/victims\/index.php?rest_route=%2Fwp%2Fv2%2Ftags&post=1659"}],"curies":[{"name":"wp","href":"https:\/\/api.w.org\/{rel}","templated":true}]}}