{"id":1675,"date":"2013-04-01T00:00:00","date_gmt":"2013-04-01T00:00:00","guid":{"rendered":""},"modified":"2024-09-10T13:15:51","modified_gmt":"2024-09-10T13:15:51","slug":"victima-1-137","status":"publish","type":"post","link":"https:\/\/interactivos.museodelamemoria.cl\/victims\/?p=1675","title":{"rendered":"GAYOSO GONZALEZ DAVID OLIBERTO"},"content":{"rendered":"<hr class=\"wp-block-separator has-text-color has-white-color has-alpha-channel-opacity has-white-background-color has-background is-style-default\"\/><p><strong>Instancia Calificadora:<\/strong> CNRR violaci\u00f3n de DDHH<\/p><p><strong>Militancia:<\/strong> Sin Militancia<\/p><p><strong>Regi\u00f3n:<\/strong> RM Metropolitana<\/p><p><strong>Ciudad:<\/strong> SANTIAGO<\/p><p><strong>Comuna:<\/strong> <\/p><p><strong>Fecha Detenci\u00f3n\/Muerte:<\/strong> 14-10-1973<\/p><p><strong>Ocupaci\u00f3n:<\/strong> OBRERO<\/p><p><strong>Edad:<\/strong> 19<\/p>\n<hr class=\"wp-block-separator has-text-color has-white-color has-alpha-channel-opacity has-white-background-color has-background is-style-default\"\/><p>David Oliberto Gayoso Gonz\u00e1lez muri\u00f3 ese d\u00eda a las 4:00 horas, en el Camino Lo Err\u00e1zuriz, por heridas de bala facio cr\u00e1neo encef\u00e1lica y m\u00faltiples tor\u00e1cicas con salida de proyectiles, como acredita el Certificado M\u00e9dico de Defunci\u00f3n del Instituto M\u00e9dico Legal.<\/p>\n<p>En declaraci\u00f3n notarial, la c\u00f3nyuge de David Gayoso se\u00f1al\u00f3 que el d\u00eda anterior a la muerte de su marido, alrededor de las 16:00 horas, debido a un incidente que \u00e9ste hab\u00eda mantenido en el interior de una quinta de recreo con un carabinero, fue detenido junto con otras personas por efectivos de la Comisar\u00eda de Puente Alto, quienes los condujeron al recinto de esa unidad y luego a la Cuarta Comisar\u00eda de Santiago. En la noche, los detenidos, incluido su marido, fueron trasladados por los aprehensores hasta el puente Bulnes, donde les ordenaron correr y les dispararon.<\/p>\n<p>Uno de los detenidos logr\u00f3 sobrevivir a la ejecuci\u00f3n y narr\u00f3 lo ocurrido a los familiares de las v\u00edctimas. Su testimonio consta en el proceso judicial instruido por la muerte de las otras personas.<\/p>\n<p>Los otros ejecutados en iguales circunstancias fueron Alfredo Andr\u00e9s Moreno Mena, Luis Miguel Rodr\u00edguez Arancibia, Luis Alberto Verdejo Contreras, Elizabeth Leonidas Contreras, Jaime Max Bast\u00edas Mart\u00ednez, Luis Suazo Suazo, Domingo de la Cruz Morales D\u00edaz y Luis Toro Veloso. Sus casos los conoci\u00f3 la Comisi\u00f3n Nacional de Verdad y Reconciliaci\u00f3n, que los declar\u00f3 v\u00edctimas de violaci\u00f3n de derechos humanos.<\/p>\n<p>Considerando los antecedentes reunidos y la investigaci\u00f3n realizada por esta Corporaci\u00f3n, estando acreditada la detenci\u00f3n, el lugar, la fecha y causa de la muerte, el Consejo Superior lleg\u00f3 a la convicci\u00f3n de que David Oliberto Gayoso Gonz\u00e1lez fue ejecutado por agentes del Estado, mientras lo manten\u00edan privado de libertad, al margen de proceso legal. En consecuencia, lo declar\u00f3 v\u00edctima de violaci\u00f3n de derechos humanos.<\/p>\n\n\n<blockquote class=\"wp-block-quote is-layout-flow wp-block-quote-is-layout-flow\">\n<hr class=\"wp-block-separator has-alpha-channel-opacity\"\/>\n<cite><br>Para revisar informaci\u00f3n judicial sobre esta persona acceda al repositorio del Proyecto Expedientes de la Represi\u00f3n, que recopila las sentencias judiciales dictadas en los procesos penales ya concluidos por violaciones de derechos humanos cometidas durante la dictadura.<\/cite><\/blockquote>\n\n\n\n<figure class=\"wp-block-image size-full is-resized\"><a href=\"https:\/\/expedientesdelarepresion.cl\/causa\/puente-bulnes-ii\/\"><img loading=\"lazy\" decoding=\"async\" width=\"126\" height=\"121\" src=\"https:\/\/interactivos.museodelamemoria.cl\/victimas\/wp-content\/uploads\/2024\/07\/logo-expedientes-de-la-represion_ok-e1721845389628.png\" alt=\"\" class=\"wp-image-5088\" style=\"width:110px;height:auto\"\/><\/a><\/figure>\n","protected":false},"excerpt":{"rendered":"<p>\tDavid Oliberto Gayoso Gonz\u00e1lez, 19 a\u00f1os, obrero. Muerto el 14 de octubre de 1973 en Santiago.\t &hellip; <a href=\"https:\/\/interactivos.museodelamemoria.cl\/victims\/?p=1675\" class=\"more-link\"><span class=\"readmore\">Averigua m\u00e1s acerca de esta v\u00edctima&#8230;<span class=\"screen-reader-text\">GAYOSO GONZALEZ DAVID OLIBERTO<\/span><\/span><\/a><\/p>\n","protected":false},"author":1,"featured_media":0,"comment_status":"open","ping_status":"open","sticky":false,"template":"","format":"standard","meta":{"footnotes":""},"categories":[5],"tags":[],"class_list":["post-1675","post","type-post","status-publish","format-standard","hentry","category-ejecutado-politico"],"_links":{"self":[{"href":"https:\/\/interactivos.museodelamemoria.cl\/victims\/index.php?rest_route=\/wp\/v2\/posts\/1675"}],"collection":[{"href":"https:\/\/interactivos.museodelamemoria.cl\/victims\/index.php?rest_route=\/wp\/v2\/posts"}],"about":[{"href":"https:\/\/interactivos.museodelamemoria.cl\/victims\/index.php?rest_route=\/wp\/v2\/types\/post"}],"author":[{"embeddable":true,"href":"https:\/\/interactivos.museodelamemoria.cl\/victims\/index.php?rest_route=\/wp\/v2\/users\/1"}],"replies":[{"embeddable":true,"href":"https:\/\/interactivos.museodelamemoria.cl\/victims\/index.php?rest_route=%2Fwp%2Fv2%2Fcomments&post=1675"}],"version-history":[{"count":2,"href":"https:\/\/interactivos.museodelamemoria.cl\/victims\/index.php?rest_route=\/wp\/v2\/posts\/1675\/revisions"}],"predecessor-version":[{"id":7224,"href":"https:\/\/interactivos.museodelamemoria.cl\/victims\/index.php?rest_route=\/wp\/v2\/posts\/1675\/revisions\/7224"}],"wp:attachment":[{"href":"https:\/\/interactivos.museodelamemoria.cl\/victims\/index.php?rest_route=%2Fwp%2Fv2%2Fmedia&parent=1675"}],"wp:term":[{"taxonomy":"category","embeddable":true,"href":"https:\/\/interactivos.museodelamemoria.cl\/victims\/index.php?rest_route=%2Fwp%2Fv2%2Fcategories&post=1675"},{"taxonomy":"post_tag","embeddable":true,"href":"https:\/\/interactivos.museodelamemoria.cl\/victims\/index.php?rest_route=%2Fwp%2Fv2%2Ftags&post=1675"}],"curies":[{"name":"wp","href":"https:\/\/api.w.org\/{rel}","templated":true}]}}