{"id":1677,"date":"2013-04-01T00:00:00","date_gmt":"2013-04-01T00:00:00","guid":{"rendered":""},"modified":"2013-04-01T00:00:00","modified_gmt":"2013-04-01T00:00:00","slug":"victima-1","status":"publish","type":"post","link":"https:\/\/interactivos.museodelamemoria.cl\/victims\/?p=1677","title":{"rendered":"GODOY ECHEGOYEN CARLOS GABRIEL"},"content":{"rendered":"<hr class=\"wp-block-separator has-text-color has-white-color has-alpha-channel-opacity has-white-background-color has-background is-style-default\"\/><p><strong>Instancia Calificadora:<\/strong> CVR violaci\u00f3n de DDHH<\/p><p><strong>Militancia:<\/strong> PS<\/p><p><strong>Regi\u00f3n:<\/strong> V Valpara\u00edso<\/p><p><strong>Ciudad:<\/strong> QUINTERO<\/p><p><strong>Comuna:<\/strong> QUINTERO<\/p><p><strong>Fecha Detenci\u00f3n\/Muerte:<\/strong> 22-02-1985<\/p><p><strong>Ocupaci\u00f3n:<\/strong> ESTUDIANTE UNIVERSITARIO<\/p><p><strong>Edad:<\/strong> 23<\/p>\n<hr class=\"wp-block-separator has-text-color has-white-color has-alpha-channel-opacity has-white-background-color has-background is-style-default\"\/>\tEl 22 de febrero de 1985 falleci\u00f3 el estudiante y militante del PS, Carlos GODOY ECHEGOYEN.  Se encontraba en Quintero junto a otros j\u00f3venes militantes del PS cuando fueron detenidos por funcionarios de Carabineros de la Comisar\u00eda de esa localidad, siendo acusados de formar parte de una escuela de guerrillas.  Los j\u00f3venes fueron interrogados y torturados en la Comisar\u00eda de Quintero y luego trasladados a Vi\u00f1a del Mar, para m\u00e1s tarde ser vueltos a Quintero, donde se hicieron cargo del operativo miembros del Dicomcar que viajaron especialmente desde Santiago.  Los j\u00f3venes fueron golpeados y se les aplic\u00f3 electricidad.  A consecuencia de este trato falleci\u00f3 la v\u00edctima el d\u00eda 22 de febrero de 1985. Oficialmente Carabineros se\u00f1al\u00f3 que la muerte se produjo por una afecci\u00f3n card\u00edaca. \r\n\r\nLa informaci\u00f3n en poder de esta Comisi\u00f3n, entre la que se cuenta sus antecedentes m\u00e9dicos previos y los protocolos de autopsia, no dejan dudas de que la muerte de Carlos Godoy fue causada por las torturas que se le infligieron por parte de agentes estatales en violaci\u00f3n de sus derechos humanos.\t","protected":false},"excerpt":{"rendered":"<p>\tCarlos Godoy Echegoyen, 23 a\u00f1os, estudiante, militante del Partido Socialista. Muerto el 22 de febrero de 1985 en Quintero.\t &hellip; <a href=\"https:\/\/interactivos.museodelamemoria.cl\/victims\/?p=1677\" class=\"more-link\"><span class=\"readmore\">Averigua m\u00e1s acerca de esta v\u00edctima&#8230;<span class=\"screen-reader-text\">GODOY ECHEGOYEN CARLOS GABRIEL<\/span><\/span><\/a><\/p>\n","protected":false},"author":1,"featured_media":0,"comment_status":"open","ping_status":"open","sticky":false,"template":"","format":"standard","meta":{"footnotes":""},"categories":[5],"tags":[],"class_list":["post-1677","post","type-post","status-publish","format-standard","hentry","category-ejecutado-politico"],"_links":{"self":[{"href":"https:\/\/interactivos.museodelamemoria.cl\/victims\/index.php?rest_route=\/wp\/v2\/posts\/1677"}],"collection":[{"href":"https:\/\/interactivos.museodelamemoria.cl\/victims\/index.php?rest_route=\/wp\/v2\/posts"}],"about":[{"href":"https:\/\/interactivos.museodelamemoria.cl\/victims\/index.php?rest_route=\/wp\/v2\/types\/post"}],"author":[{"embeddable":true,"href":"https:\/\/interactivos.museodelamemoria.cl\/victims\/index.php?rest_route=\/wp\/v2\/users\/1"}],"replies":[{"embeddable":true,"href":"https:\/\/interactivos.museodelamemoria.cl\/victims\/index.php?rest_route=%2Fwp%2Fv2%2Fcomments&post=1677"}],"version-history":[{"count":0,"href":"https:\/\/interactivos.museodelamemoria.cl\/victims\/index.php?rest_route=\/wp\/v2\/posts\/1677\/revisions"}],"wp:attachment":[{"href":"https:\/\/interactivos.museodelamemoria.cl\/victims\/index.php?rest_route=%2Fwp%2Fv2%2Fmedia&parent=1677"}],"wp:term":[{"taxonomy":"category","embeddable":true,"href":"https:\/\/interactivos.museodelamemoria.cl\/victims\/index.php?rest_route=%2Fwp%2Fv2%2Fcategories&post=1677"},{"taxonomy":"post_tag","embeddable":true,"href":"https:\/\/interactivos.museodelamemoria.cl\/victims\/index.php?rest_route=%2Fwp%2Fv2%2Ftags&post=1677"}],"curies":[{"name":"wp","href":"https:\/\/api.w.org\/{rel}","templated":true}]}}