{"id":1699,"date":"2013-04-01T00:00:00","date_gmt":"2013-04-01T00:00:00","guid":{"rendered":""},"modified":"2013-04-01T00:00:00","modified_gmt":"2013-04-01T00:00:00","slug":"victima-1","status":"publish","type":"post","link":"https:\/\/interactivos.museodelamemoria.cl\/victims\/?p=1699","title":{"rendered":"LEAL RIVEROS VICTOR RICARDO"},"content":{"rendered":"<hr class=\"wp-block-separator has-text-color has-white-color has-alpha-channel-opacity has-white-background-color has-background is-style-default\"\/><p><strong>Instancia Calificadora:<\/strong> CNRR violaci\u00f3n de DDHH<\/p><p><strong>Militancia:<\/strong> Sin Militancia<\/p><p><strong>Regi\u00f3n:<\/strong> RM Metropolitana<\/p><p><strong>Ciudad:<\/strong> SANTIAGO<\/p><p><strong>Comuna:<\/strong> <\/p><p><strong>Fecha Detenci\u00f3n\/Muerte:<\/strong> 21-12-1986<\/p><p><strong>Ocupaci\u00f3n:<\/strong> ESTUDIANTE ENSE\u00d1ANZA MEDIA<\/p><p><strong>Edad:<\/strong> 19<\/p>\n<hr class=\"wp-block-separator has-text-color has-white-color has-alpha-channel-opacity has-white-background-color has-background is-style-default\"\/>\tV\u00edctor Ricardo Leal Riveros muri\u00f3 ese d\u00eda a las 1:10 hora, en la Posta Central, por un traumatismo tor\u00e1cico por bala con compromiso card\u00edaco y pulmonar y anemia aguda, seg\u00fan acredita el Certificado M\u00e9dico de Defunci\u00f3n del Instituto M\u00e9dico Legal.  \r\n\r\nDe acuerdo con antecedentes obtenidos del proceso judicial, a las 22:30 horas del 20 de diciembre de 1986, V\u00edctor Leal sali\u00f3 corriendo de una fuente de soda ubicada en calle Vicu\u00f1a Mackenna, en compa\u00f1\u00eda de un amigo, ya que, al parecer, no hab\u00edan pagado lo consumido en ese local. Al pasar frente a la Embajada de la Rep\u00fablica Argentina, Leal Riveros fue seguido por un funcionario de Carabineros que se encontraba de guardia frente a dicha sede diplom\u00e1tica; luego de alcanzarlo, le dispar\u00f3, caus\u00e1ndole la muerte.\r\n\r\nA ra\u00edz de estos hechos se instruy\u00f3 un proceso en la Primera Fiscal\u00eda Militar de Santiago. El funcionario autor del disparo fue procesado como autor de cuasidelito de homicidio, concedi\u00e9ndosele el beneficio de la libertad provisional bajo fianza. La causa se encontraba en tr\u00e1mite cuando el Consejo Superior examin\u00f3 este caso.\r\n\r\nConsiderando los antecedentes reunidos y la investigaci\u00f3n realizada por esta Corporaci\u00f3n, el Consejo Superior declar\u00f3 a V\u00edctor Ricardo Leal Riveros v\u00edctima de violaci\u00f3n de derechos humanos por agentes del Estado que hicieron uso indebido de la fuerza.\t","protected":false},"excerpt":{"rendered":"<p>\tV\u00edctor Ricardo Leal Riveros, 19 a\u00f1os, estudiante. Muerto el 21 de diciembre de 1986 en Santiago.\t &hellip; <a href=\"https:\/\/interactivos.museodelamemoria.cl\/victims\/?p=1699\" class=\"more-link\"><span class=\"readmore\">Averigua m\u00e1s acerca de esta v\u00edctima&#8230;<span class=\"screen-reader-text\">LEAL RIVEROS VICTOR RICARDO<\/span><\/span><\/a><\/p>\n","protected":false},"author":1,"featured_media":0,"comment_status":"open","ping_status":"open","sticky":false,"template":"","format":"standard","meta":{"footnotes":""},"categories":[5],"tags":[],"class_list":["post-1699","post","type-post","status-publish","format-standard","hentry","category-ejecutado-politico"],"_links":{"self":[{"href":"https:\/\/interactivos.museodelamemoria.cl\/victims\/index.php?rest_route=\/wp\/v2\/posts\/1699"}],"collection":[{"href":"https:\/\/interactivos.museodelamemoria.cl\/victims\/index.php?rest_route=\/wp\/v2\/posts"}],"about":[{"href":"https:\/\/interactivos.museodelamemoria.cl\/victims\/index.php?rest_route=\/wp\/v2\/types\/post"}],"author":[{"embeddable":true,"href":"https:\/\/interactivos.museodelamemoria.cl\/victims\/index.php?rest_route=\/wp\/v2\/users\/1"}],"replies":[{"embeddable":true,"href":"https:\/\/interactivos.museodelamemoria.cl\/victims\/index.php?rest_route=%2Fwp%2Fv2%2Fcomments&post=1699"}],"version-history":[{"count":0,"href":"https:\/\/interactivos.museodelamemoria.cl\/victims\/index.php?rest_route=\/wp\/v2\/posts\/1699\/revisions"}],"wp:attachment":[{"href":"https:\/\/interactivos.museodelamemoria.cl\/victims\/index.php?rest_route=%2Fwp%2Fv2%2Fmedia&parent=1699"}],"wp:term":[{"taxonomy":"category","embeddable":true,"href":"https:\/\/interactivos.museodelamemoria.cl\/victims\/index.php?rest_route=%2Fwp%2Fv2%2Fcategories&post=1699"},{"taxonomy":"post_tag","embeddable":true,"href":"https:\/\/interactivos.museodelamemoria.cl\/victims\/index.php?rest_route=%2Fwp%2Fv2%2Ftags&post=1699"}],"curies":[{"name":"wp","href":"https:\/\/api.w.org\/{rel}","templated":true}]}}