{"id":170,"date":"2013-04-01T00:00:00","date_gmt":"2013-04-01T00:00:00","guid":{"rendered":""},"modified":"2013-04-01T00:00:00","modified_gmt":"2013-04-01T00:00:00","slug":"victima-1","status":"publish","type":"post","link":"https:\/\/interactivos.museodelamemoria.cl\/victims\/?p=170","title":{"rendered":"AGUILERA OLIVARES RENE GUILLERMO"},"content":{"rendered":"<hr class=\"wp-block-separator has-text-color has-white-color has-alpha-channel-opacity has-white-background-color has-background is-style-default\"\/><p><strong>Instancia Calificadora:<\/strong> CVR violencia pol\u00edtica<\/p><p><strong>Militancia:<\/strong> MAPU<\/p><p><strong>Regi\u00f3n:<\/strong> V Valpara\u00edso<\/p><p><strong>Ciudad:<\/strong> VALPARAISO<\/p><p><strong>Comuna:<\/strong> <\/p><p><strong>Fecha Detenci\u00f3n\/Muerte:<\/strong> 14-09-1973<\/p><p><strong>Ocupaci\u00f3n:<\/strong> EMPLEADO<\/p><p><strong>Edad:<\/strong> 41<\/p>\n<hr class=\"wp-block-separator has-text-color has-white-color has-alpha-channel-opacity has-white-background-color has-background is-style-default\"\/>\tEl mismo 14 de septiembre de 1973 muere, Ren\u00e9 Guillermo AGUILERA OLIVARES, de 41 a\u00f1os de edad.\r\n\r\nEse d\u00eda, como ya ha sido se\u00f1alado anteriormente, se produjo un tiroteo en el puerto de Valpara\u00edso.  En ese episodio el afectado recibi\u00f3 dos impactos de bala que provocaron su deceso en la v\u00eda p\u00fablica.\r\n\r\nConocidos los hechos que condujeron a su muerte esta Comisi\u00f3n se ha formado convicci\u00f3n que Ren\u00e9 Aguilera fue v\u00edctima de la situaci\u00f3n de violencia pol\u00edtica de ese momento.\t","protected":false},"excerpt":{"rendered":"<p>\tRen\u00e9 Guillermo Aguilera Olivares, de 41 a\u00f1os. Muerto el 14 de septiembre de 1973 en Valpara\u00edso.\t &hellip; <a href=\"https:\/\/interactivos.museodelamemoria.cl\/victims\/?p=170\" class=\"more-link\"><span class=\"readmore\">Averigua m\u00e1s acerca de esta v\u00edctima&#8230;<span class=\"screen-reader-text\">AGUILERA OLIVARES RENE GUILLERMO<\/span><\/span><\/a><\/p>\n","protected":false},"author":1,"featured_media":0,"comment_status":"open","ping_status":"open","sticky":false,"template":"","format":"standard","meta":{"footnotes":""},"categories":[5],"tags":[],"class_list":["post-170","post","type-post","status-publish","format-standard","hentry","category-ejecutado-politico"],"_links":{"self":[{"href":"https:\/\/interactivos.museodelamemoria.cl\/victims\/index.php?rest_route=\/wp\/v2\/posts\/170"}],"collection":[{"href":"https:\/\/interactivos.museodelamemoria.cl\/victims\/index.php?rest_route=\/wp\/v2\/posts"}],"about":[{"href":"https:\/\/interactivos.museodelamemoria.cl\/victims\/index.php?rest_route=\/wp\/v2\/types\/post"}],"author":[{"embeddable":true,"href":"https:\/\/interactivos.museodelamemoria.cl\/victims\/index.php?rest_route=\/wp\/v2\/users\/1"}],"replies":[{"embeddable":true,"href":"https:\/\/interactivos.museodelamemoria.cl\/victims\/index.php?rest_route=%2Fwp%2Fv2%2Fcomments&post=170"}],"version-history":[{"count":0,"href":"https:\/\/interactivos.museodelamemoria.cl\/victims\/index.php?rest_route=\/wp\/v2\/posts\/170\/revisions"}],"wp:attachment":[{"href":"https:\/\/interactivos.museodelamemoria.cl\/victims\/index.php?rest_route=%2Fwp%2Fv2%2Fmedia&parent=170"}],"wp:term":[{"taxonomy":"category","embeddable":true,"href":"https:\/\/interactivos.museodelamemoria.cl\/victims\/index.php?rest_route=%2Fwp%2Fv2%2Fcategories&post=170"},{"taxonomy":"post_tag","embeddable":true,"href":"https:\/\/interactivos.museodelamemoria.cl\/victims\/index.php?rest_route=%2Fwp%2Fv2%2Ftags&post=170"}],"curies":[{"name":"wp","href":"https:\/\/api.w.org\/{rel}","templated":true}]}}