{"id":1706,"date":"2013-04-01T00:00:00","date_gmt":"2013-04-01T00:00:00","guid":{"rendered":""},"modified":"2013-09-13T13:34:40","modified_gmt":"2013-09-13T13:34:40","slug":"victima-1-289","status":"publish","type":"post","link":"https:\/\/interactivos.museodelamemoria.cl\/victims\/?p=1706","title":{"rendered":"LIRA BRAVO SEGUNDO DEL CARMEN"},"content":{"rendered":"<hr class=\"wp-block-separator has-text-color has-white-color has-alpha-channel-opacity has-white-background-color has-background is-style-default\"\/><p><strong>Instancia Calificadora:<\/strong> CVR violaci\u00f3n de DDHH<\/p><p><strong>Militancia:<\/strong> Sin Militancia<\/p><p><strong>Regi\u00f3n:<\/strong> RM Metropolitana<\/p><p><strong>Ciudad:<\/strong> SANTIAGO<\/p><p><strong>Comuna:<\/strong> <\/p><p><strong>Fecha Detenci\u00f3n\/Muerte:<\/strong> 14-10-1973<\/p><p><strong>Ocupaci\u00f3n:<\/strong> GASFITER<\/p><p><strong>Edad:<\/strong> 28<\/p>\n<hr class=\"wp-block-separator has-text-color has-white-color has-alpha-channel-opacity has-white-background-color has-background is-style-default\"\/>El 14 de octubre de 1973 es ejecutado Segundo del Carmen LIRA BRAVO, 28 a\u00f1os, g\u00e1sfiter. A comienzos del mismo mes fue detenido, ante testigos, por efectivos del Ej\u00e9rcito quienes efectuaban un allanamiento en la poblaci\u00f3n La Legua.\r\n\r\nD\u00edas despu\u00e9s, su familia encontr\u00f3 su cuerpo en el Instituto M\u00e9dico Legal. Presentaba m\u00faltiples heridas a bala facio cr\u00e1neo encef\u00e1lica tor\u00e1cicas abdominales con salida de proyectil. De acuerdo al certificado de defunci\u00f3n, la muerte se produjo el 14 de octubre de 1973.\r\n\r\nTeniendo presente las circunstancias de la detenci\u00f3n y muerte ya referidas, esta Comisi\u00f3n ha adquirido la convicci\u00f3n que Segundo Lira Bravo fue v\u00edctima de una violaci\u00f3n a los derechos humanos al haber sido ejecutado por agentes del Estado.","protected":false},"excerpt":{"rendered":"<p>\tSegundo del Carmen Lira Bravo, 28 a\u00f1os, g\u00e1sfiter. Muerto el 14 de octubre de 1973 en Santiago.\t &hellip; <a href=\"https:\/\/interactivos.museodelamemoria.cl\/victims\/?p=1706\" class=\"more-link\"><span class=\"readmore\">Averigua m\u00e1s acerca de esta v\u00edctima&#8230;<span class=\"screen-reader-text\">LIRA BRAVO SEGUNDO DEL CARMEN<\/span><\/span><\/a><\/p>\n","protected":false},"author":1,"featured_media":0,"comment_status":"open","ping_status":"open","sticky":false,"template":"","format":"standard","meta":{"footnotes":""},"categories":[5],"tags":[],"class_list":["post-1706","post","type-post","status-publish","format-standard","hentry","category-ejecutado-politico"],"_links":{"self":[{"href":"https:\/\/interactivos.museodelamemoria.cl\/victims\/index.php?rest_route=\/wp\/v2\/posts\/1706"}],"collection":[{"href":"https:\/\/interactivos.museodelamemoria.cl\/victims\/index.php?rest_route=\/wp\/v2\/posts"}],"about":[{"href":"https:\/\/interactivos.museodelamemoria.cl\/victims\/index.php?rest_route=\/wp\/v2\/types\/post"}],"author":[{"embeddable":true,"href":"https:\/\/interactivos.museodelamemoria.cl\/victims\/index.php?rest_route=\/wp\/v2\/users\/1"}],"replies":[{"embeddable":true,"href":"https:\/\/interactivos.museodelamemoria.cl\/victims\/index.php?rest_route=%2Fwp%2Fv2%2Fcomments&post=1706"}],"version-history":[{"count":2,"href":"https:\/\/interactivos.museodelamemoria.cl\/victims\/index.php?rest_route=\/wp\/v2\/posts\/1706\/revisions"}],"predecessor-version":[{"id":4191,"href":"https:\/\/interactivos.museodelamemoria.cl\/victims\/index.php?rest_route=\/wp\/v2\/posts\/1706\/revisions\/4191"}],"wp:attachment":[{"href":"https:\/\/interactivos.museodelamemoria.cl\/victims\/index.php?rest_route=%2Fwp%2Fv2%2Fmedia&parent=1706"}],"wp:term":[{"taxonomy":"category","embeddable":true,"href":"https:\/\/interactivos.museodelamemoria.cl\/victims\/index.php?rest_route=%2Fwp%2Fv2%2Fcategories&post=1706"},{"taxonomy":"post_tag","embeddable":true,"href":"https:\/\/interactivos.museodelamemoria.cl\/victims\/index.php?rest_route=%2Fwp%2Fv2%2Ftags&post=1706"}],"curies":[{"name":"wp","href":"https:\/\/api.w.org\/{rel}","templated":true}]}}