{"id":1713,"date":"2013-04-01T00:00:00","date_gmt":"2013-04-01T00:00:00","guid":{"rendered":""},"modified":"2013-04-01T00:00:00","modified_gmt":"2013-04-01T00:00:00","slug":"victima-1","status":"publish","type":"post","link":"https:\/\/interactivos.museodelamemoria.cl\/victims\/?p=1713","title":{"rendered":"LOPEZ LOPEZ ERNESTO ALFREDO"},"content":{"rendered":"<hr class=\"wp-block-separator has-text-color has-white-color has-alpha-channel-opacity has-white-background-color has-background is-style-default\"\/><p><strong>Instancia Calificadora:<\/strong> CVR violaci\u00f3n de DDHH<\/p><p><strong>Militancia:<\/strong> Sin Militancia<\/p><p><strong>Regi\u00f3n:<\/strong> V Valpara\u00edso<\/p><p><strong>Ciudad:<\/strong> LA LIGUA<\/p><p><strong>Comuna:<\/strong> LA LIGUA<\/p><p><strong>Fecha Detenci\u00f3n\/Muerte:<\/strong> 16-09-1973<\/p><p><strong>Ocupaci\u00f3n:<\/strong> OBRERO ARENERO<\/p><p><strong>Edad:<\/strong> 25<\/p>\n<hr class=\"wp-block-separator has-text-color has-white-color has-alpha-channel-opacity has-white-background-color has-background is-style-default\"\/>\tOtras Localidades\r\n\r\nEl d\u00eda 16 de septiembre de 1973, fue detenido Ernesto Alfredo LOPEZ LOPEZ de 25 a\u00f1os, obrero arenero, por efectivos de Carabineros de La Ligua que lo trasladaron hasta ese recinto policial.  Desde esa fecha se ignora su suerte y paradero.\r\n\r\nEstando acreditada su detenci\u00f3n y permanencia en un recinto policial y que con posterioridad a esa fecha no volvi\u00f3 a su hogar ni realiz\u00f3 gesti\u00f3n alguna ante organismos oficiales del Estado de Chile, esta Comisi\u00f3n se ha formado la convicci\u00f3n que Ernesto L\u00f3pez fue v\u00edctima de violaci\u00f3n de sus derechos humanos de responsabilidad de agentes del Estado que lo hicieron desaparecer.\t","protected":false},"excerpt":{"rendered":"<p>\tErnesto Alfredo L\u00f3pez L\u00f3pez, 25 a\u00f1os, obrero arenero. Detenido desaparecido desde el 16 de septiembre de 1973 en La Ligua.\t &hellip; <a href=\"https:\/\/interactivos.museodelamemoria.cl\/victims\/?p=1713\" class=\"more-link\"><span class=\"readmore\">Averigua m\u00e1s acerca de esta v\u00edctima&#8230;<span class=\"screen-reader-text\">LOPEZ LOPEZ ERNESTO ALFREDO<\/span><\/span><\/a><\/p>\n","protected":false},"author":1,"featured_media":0,"comment_status":"open","ping_status":"open","sticky":false,"template":"","format":"standard","meta":{"footnotes":""},"categories":[6],"tags":[],"class_list":["post-1713","post","type-post","status-publish","format-standard","hentry","category-detenido-desaparecido"],"_links":{"self":[{"href":"https:\/\/interactivos.museodelamemoria.cl\/victims\/index.php?rest_route=\/wp\/v2\/posts\/1713"}],"collection":[{"href":"https:\/\/interactivos.museodelamemoria.cl\/victims\/index.php?rest_route=\/wp\/v2\/posts"}],"about":[{"href":"https:\/\/interactivos.museodelamemoria.cl\/victims\/index.php?rest_route=\/wp\/v2\/types\/post"}],"author":[{"embeddable":true,"href":"https:\/\/interactivos.museodelamemoria.cl\/victims\/index.php?rest_route=\/wp\/v2\/users\/1"}],"replies":[{"embeddable":true,"href":"https:\/\/interactivos.museodelamemoria.cl\/victims\/index.php?rest_route=%2Fwp%2Fv2%2Fcomments&post=1713"}],"version-history":[{"count":0,"href":"https:\/\/interactivos.museodelamemoria.cl\/victims\/index.php?rest_route=\/wp\/v2\/posts\/1713\/revisions"}],"wp:attachment":[{"href":"https:\/\/interactivos.museodelamemoria.cl\/victims\/index.php?rest_route=%2Fwp%2Fv2%2Fmedia&parent=1713"}],"wp:term":[{"taxonomy":"category","embeddable":true,"href":"https:\/\/interactivos.museodelamemoria.cl\/victims\/index.php?rest_route=%2Fwp%2Fv2%2Fcategories&post=1713"},{"taxonomy":"post_tag","embeddable":true,"href":"https:\/\/interactivos.museodelamemoria.cl\/victims\/index.php?rest_route=%2Fwp%2Fv2%2Ftags&post=1713"}],"curies":[{"name":"wp","href":"https:\/\/api.w.org\/{rel}","templated":true}]}}