{"id":1746,"date":"2013-04-01T00:00:00","date_gmt":"2013-04-01T00:00:00","guid":{"rendered":""},"modified":"2013-04-01T00:00:00","modified_gmt":"2013-04-01T00:00:00","slug":"victima-1","status":"publish","type":"post","link":"https:\/\/interactivos.museodelamemoria.cl\/victims\/?p=1746","title":{"rendered":"MESIAS CARVALLO JUAN CARLOS"},"content":{"rendered":"<hr class=\"wp-block-separator has-text-color has-white-color has-alpha-channel-opacity has-white-background-color has-background is-style-default\"\/><p><strong>Instancia Calificadora:<\/strong> CVR violencia pol\u00edtica<\/p><p><strong>Militancia:<\/strong> Sin Militancia<\/p><p><strong>Regi\u00f3n:<\/strong> RM Metropolitana<\/p><p><strong>Ciudad:<\/strong> SANTIAGO<\/p><p><strong>Comuna:<\/strong> <\/p><p><strong>Fecha Detenci\u00f3n\/Muerte:<\/strong> 13-09-1973<\/p><p><strong>Ocupaci\u00f3n:<\/strong> SOLDADO CONSCRIPTO EJERCITO<\/p><p><strong>Edad:<\/strong> 19<\/p>\n<hr class=\"wp-block-separator has-text-color has-white-color has-alpha-channel-opacity has-white-background-color has-background is-style-default\"\/>\tEl 13 de septiembre muri\u00f3 Juan Carlos MESIAS CARVALLO, de 19 a\u00f1os de edad, soldado conscripto.\r\n\r\nEse d\u00eda, en la carretera 5 Sur con Ochagav\u00eda, mientras formaba parte de la escolta del Director de la Corporaci\u00f3n de Televisi\u00f3n de la Universidad Cat\u00f3lica de Chile, desconocidos dispararon provoc\u00e1ndole la muerte.  Su cuerpo presentaba m\u00faltiples heridas a bala.\r\n\r\nLos antecedentes reunidos permiten afirmar que: el afectado cumpl\u00eda funciones de resguardo cuando fue objeto de un ataque sorpresivo.\r\n\r\nPor tanto, esta Comisi\u00f3n ha adquirido convicci\u00f3n que el soldado Juan Mes\u00edas fue muerto por la acci\u00f3n de particulares que actuando bajo motivaciones pol\u00edticas le dieron muerte en un acto que constituye violaci\u00f3n de los derechos humanos.\t","protected":false},"excerpt":{"rendered":"<p>\tJuan Carlos Mes\u00edas Carvallo, 19 a\u00f1os, soldado conscripto. Muerto el 13 de septiembre de 1973 en Santiago.<br \/>\n\t &hellip; <a href=\"https:\/\/interactivos.museodelamemoria.cl\/victims\/?p=1746\" class=\"more-link\"><span class=\"readmore\">Averigua m\u00e1s acerca de esta v\u00edctima&#8230;<span class=\"screen-reader-text\">MESIAS CARVALLO JUAN CARLOS<\/span><\/span><\/a><\/p>\n","protected":false},"author":1,"featured_media":0,"comment_status":"open","ping_status":"open","sticky":false,"template":"","format":"standard","meta":{"footnotes":""},"categories":[5],"tags":[],"class_list":["post-1746","post","type-post","status-publish","format-standard","hentry","category-ejecutado-politico"],"_links":{"self":[{"href":"https:\/\/interactivos.museodelamemoria.cl\/victims\/index.php?rest_route=\/wp\/v2\/posts\/1746"}],"collection":[{"href":"https:\/\/interactivos.museodelamemoria.cl\/victims\/index.php?rest_route=\/wp\/v2\/posts"}],"about":[{"href":"https:\/\/interactivos.museodelamemoria.cl\/victims\/index.php?rest_route=\/wp\/v2\/types\/post"}],"author":[{"embeddable":true,"href":"https:\/\/interactivos.museodelamemoria.cl\/victims\/index.php?rest_route=\/wp\/v2\/users\/1"}],"replies":[{"embeddable":true,"href":"https:\/\/interactivos.museodelamemoria.cl\/victims\/index.php?rest_route=%2Fwp%2Fv2%2Fcomments&post=1746"}],"version-history":[{"count":0,"href":"https:\/\/interactivos.museodelamemoria.cl\/victims\/index.php?rest_route=\/wp\/v2\/posts\/1746\/revisions"}],"wp:attachment":[{"href":"https:\/\/interactivos.museodelamemoria.cl\/victims\/index.php?rest_route=%2Fwp%2Fv2%2Fmedia&parent=1746"}],"wp:term":[{"taxonomy":"category","embeddable":true,"href":"https:\/\/interactivos.museodelamemoria.cl\/victims\/index.php?rest_route=%2Fwp%2Fv2%2Fcategories&post=1746"},{"taxonomy":"post_tag","embeddable":true,"href":"https:\/\/interactivos.museodelamemoria.cl\/victims\/index.php?rest_route=%2Fwp%2Fv2%2Ftags&post=1746"}],"curies":[{"name":"wp","href":"https:\/\/api.w.org\/{rel}","templated":true}]}}