{"id":1768,"date":"2013-04-01T00:00:00","date_gmt":"2013-04-01T00:00:00","guid":{"rendered":""},"modified":"2024-09-09T20:07:00","modified_gmt":"2024-09-09T20:07:00","slug":"victima-1-768","status":"publish","type":"post","link":"https:\/\/interactivos.museodelamemoria.cl\/victims\/?p=1768","title":{"rendered":"VILLALOBOS DIAZ ALEJANDRO DELFIN"},"content":{"rendered":"<hr class=\"wp-block-separator has-text-color has-white-color has-alpha-channel-opacity has-white-background-color has-background is-style-default\"\/><p><strong>Instancia Calificadora:<\/strong> CVR violaci\u00f3n de DDHH<\/p><p><strong>Militancia:<\/strong> MIR<\/p><p><strong>Regi\u00f3n:<\/strong> V Valpara\u00edso<\/p><p><strong>Ciudad:<\/strong> VI\u00d1A DEL MAR<\/p><p><strong>Comuna:<\/strong> VI\u00d1A DEL MAR<\/p><p><strong>Fecha Detenci\u00f3n\/Muerte:<\/strong> 20-01-1975<\/p><p><strong>Ocupaci\u00f3n:<\/strong> TECNICO ELECTRICISTA<\/p><p><strong>Edad:<\/strong> 29<\/p>\n<hr class=\"wp-block-separator has-text-color has-white-color has-alpha-channel-opacity has-white-background-color has-background is-style-default\"\/><p>El 19 de enero de 1975, en uno de los operativos destinados a detener personas en Vi\u00f1a del Mar, fue muerto Alejandro Delf\u00edn VILLALOBOS DIAZ, electricista, militante del MIR.<\/p>\n<p>A la v\u00edctima se le dispar\u00f3 en momentos en que lleg\u00f3 a una casa donde ten\u00eda que juntarse con otros miembros del MIR donde era esperado por agentes de la DINA.<\/p>\n<p>En el proceso por presunta desgracia, a fines de 1975, fue acompa\u00f1ado un certificado de defunci\u00f3n que indica que la v\u00edctima falleci\u00f3 en la v\u00eda p\u00fablica en Santiago el 20 de enero de 1975 a consecuencia de una herida a bala facio-bucoraqui-cervical. El cuerpo jam\u00e1s les fue entregado a sus familiares.<\/p>\n<p>Esta Comisi\u00f3n tiene la convicci\u00f3n de que la v\u00edctima fue ejecutada por agentes de la DINA, quienes violaron as\u00ed sus derechos humanos.<\/p>\n\n\n<blockquote class=\"wp-block-quote is-layout-flow wp-block-quote-is-layout-flow\">\n<hr class=\"wp-block-separator has-alpha-channel-opacity\"\/>\n<cite><br>Para revisar informaci\u00f3n judicial sobre esta persona acceda al repositorio del Proyecto Expedientes de la Represi\u00f3n, que recopila las sentencias judiciales dictadas en los procesos penales ya concluidos por violaciones de derechos humanos cometidas durante la dictadura.<\/cite><\/blockquote>\n\n\n\n<figure class=\"wp-block-image is-resized\"><a href=\"https:\/\/expedientesdelarepresion.cl\/causa\/alejandro-villalobos-diaz\/\" target=\"_blank\" rel=\"noreferrer noopener\"><img loading=\"lazy\" decoding=\"async\" width=\"126\" height=\"121\" src=\"https:\/\/interactivos.museodelamemoria.cl\/victimas\/wp-content\/uploads\/2024\/07\/logo-expedientes-de-la-represion_ok-e1721845389628.png\" alt=\"\" class=\"wp-image-5088\" style=\"width:111px;height:auto\"\/><\/a><\/figure>\n","protected":false},"excerpt":{"rendered":"<p>\tAlejandro Delf\u00edn Villalobos D\u00edaz, 29 a\u00f1os, electricista, militante del Movimiento de Izquierda Revolucionaria (MIR). Muerto el 20 de enero de 1975 en Vi\u00f1a del Mar. \t &hellip; <a href=\"https:\/\/interactivos.museodelamemoria.cl\/victims\/?p=1768\" class=\"more-link\"><span class=\"readmore\">Averigua m\u00e1s acerca de esta v\u00edctima&#8230;<span class=\"screen-reader-text\">VILLALOBOS DIAZ ALEJANDRO DELFIN<\/span><\/span><\/a><\/p>\n","protected":false},"author":1,"featured_media":0,"comment_status":"open","ping_status":"open","sticky":false,"template":"","format":"standard","meta":{"footnotes":""},"categories":[5],"tags":[],"class_list":["post-1768","post","type-post","status-publish","format-standard","hentry","category-ejecutado-politico"],"_links":{"self":[{"href":"https:\/\/interactivos.museodelamemoria.cl\/victims\/index.php?rest_route=\/wp\/v2\/posts\/1768"}],"collection":[{"href":"https:\/\/interactivos.museodelamemoria.cl\/victims\/index.php?rest_route=\/wp\/v2\/posts"}],"about":[{"href":"https:\/\/interactivos.museodelamemoria.cl\/victims\/index.php?rest_route=\/wp\/v2\/types\/post"}],"author":[{"embeddable":true,"href":"https:\/\/interactivos.museodelamemoria.cl\/victims\/index.php?rest_route=\/wp\/v2\/users\/1"}],"replies":[{"embeddable":true,"href":"https:\/\/interactivos.museodelamemoria.cl\/victims\/index.php?rest_route=%2Fwp%2Fv2%2Fcomments&post=1768"}],"version-history":[{"count":2,"href":"https:\/\/interactivos.museodelamemoria.cl\/victims\/index.php?rest_route=\/wp\/v2\/posts\/1768\/revisions"}],"predecessor-version":[{"id":7072,"href":"https:\/\/interactivos.museodelamemoria.cl\/victims\/index.php?rest_route=\/wp\/v2\/posts\/1768\/revisions\/7072"}],"wp:attachment":[{"href":"https:\/\/interactivos.museodelamemoria.cl\/victims\/index.php?rest_route=%2Fwp%2Fv2%2Fmedia&parent=1768"}],"wp:term":[{"taxonomy":"category","embeddable":true,"href":"https:\/\/interactivos.museodelamemoria.cl\/victims\/index.php?rest_route=%2Fwp%2Fv2%2Fcategories&post=1768"},{"taxonomy":"post_tag","embeddable":true,"href":"https:\/\/interactivos.museodelamemoria.cl\/victims\/index.php?rest_route=%2Fwp%2Fv2%2Ftags&post=1768"}],"curies":[{"name":"wp","href":"https:\/\/api.w.org\/{rel}","templated":true}]}}