{"id":1775,"date":"2013-04-01T00:00:00","date_gmt":"2013-04-01T00:00:00","guid":{"rendered":""},"modified":"2013-04-01T00:00:00","modified_gmt":"2013-04-01T00:00:00","slug":"victima-1","status":"publish","type":"post","link":"https:\/\/interactivos.museodelamemoria.cl\/victims\/?p=1775","title":{"rendered":"VILLARROEL NAZARA PEDRO SEGUNDO"},"content":{"rendered":"<hr class=\"wp-block-separator has-text-color has-white-color has-alpha-channel-opacity has-white-background-color has-background is-style-default\"\/><p><strong>Instancia Calificadora:<\/strong> CNRR violaci\u00f3n de DDHH<\/p><p><strong>Militancia:<\/strong> Sin Militancia<\/p><p><strong>Regi\u00f3n:<\/strong> RM Metropolitana<\/p><p><strong>Ciudad:<\/strong> SANTIAGO<\/p><p><strong>Comuna:<\/strong> <\/p><p><strong>Fecha Detenci\u00f3n\/Muerte:<\/strong> 16-10-1973<\/p><p><strong>Ocupaci\u00f3n:<\/strong> <\/p><p><strong>Edad:<\/strong> 27<\/p>\n<hr class=\"wp-block-separator has-text-color has-white-color has-alpha-channel-opacity has-white-background-color has-background is-style-default\"\/>\tPedro Segundo Villarroel Nazara muri\u00f3 ese d\u00eda a las 5:30 horas, en el canal La Punta, por m\u00faltiples heridas de bala faciales, cervicales, tor\u00e1cicas, abdominales y de extremidades con salidas de proyectiles, como acredita el Certificado M\u00e9dico de Defunci\u00f3n del Instituto M\u00e9dico Legal.  \r\n\r\nDurante el a\u00f1o 1973, el Noveno Juzgado del Crimen de Santiago instruy\u00f3 un proceso por el hallazgo del cuerpo de Pedro Nazara, que hab\u00eda sido encontrado en la v\u00eda p\u00fablica y al que se identific\u00f3 por medio de un peritaje dactilosc\u00f3pico. La investigaci\u00f3n no logr\u00f3 establecer las circunstancias que rodearon su muerte, pero en el Protocolo de Autopsia se logr\u00f3 precisar que \u00e9ste hab\u00eda recibido 18 impactos de bala en diferentes partes del cuerpo. \r\n\r\nLa familia de Pedro Nazara se enter\u00f3 de su fallecimiento reci\u00e9n el a\u00f1o 1990, de manera que no ten\u00eda antecedentes que aportar a la investigaci\u00f3n.\r\n   \r\nSi bien la investigaci\u00f3n hecha por esta Corporaci\u00f3n no logr\u00f3 precisar las circunstancias precisas de la muerte ni la existencia de una detenci\u00f3n previa de responsabilidad de agentes del Estado, la concatenaci\u00f3n de la forma en que ocurri\u00f3 la muerte, la gran cantidad de disparos que recibi\u00f3 y la manera del hallazgo de su cad\u00e1ver, llevaron al Consejo Superior a la convicci\u00f3n de que Pedro Segundo Nazara Villarroel fue ejecutado al margen de un proceso legal y que, posteriormente, fue abandonado en la v\u00eda p\u00fablica por los responsables.  En consecuencia, lo declar\u00f3 v\u00edctima de  violaci\u00f3n de derechos humanos.\t","protected":false},"excerpt":{"rendered":"<p>\tPedro Segundo Villarroel Nazara, 27 a\u00f1os, comerciante. Muerto el 16 de octubre de 1973 en Santiago.\t &hellip; <a href=\"https:\/\/interactivos.museodelamemoria.cl\/victims\/?p=1775\" class=\"more-link\"><span class=\"readmore\">Averigua m\u00e1s acerca de esta v\u00edctima&#8230;<span class=\"screen-reader-text\">VILLARROEL NAZARA PEDRO SEGUNDO<\/span><\/span><\/a><\/p>\n","protected":false},"author":1,"featured_media":0,"comment_status":"open","ping_status":"open","sticky":false,"template":"","format":"standard","meta":{"footnotes":""},"categories":[5],"tags":[],"class_list":["post-1775","post","type-post","status-publish","format-standard","hentry","category-ejecutado-politico"],"_links":{"self":[{"href":"https:\/\/interactivos.museodelamemoria.cl\/victims\/index.php?rest_route=\/wp\/v2\/posts\/1775"}],"collection":[{"href":"https:\/\/interactivos.museodelamemoria.cl\/victims\/index.php?rest_route=\/wp\/v2\/posts"}],"about":[{"href":"https:\/\/interactivos.museodelamemoria.cl\/victims\/index.php?rest_route=\/wp\/v2\/types\/post"}],"author":[{"embeddable":true,"href":"https:\/\/interactivos.museodelamemoria.cl\/victims\/index.php?rest_route=\/wp\/v2\/users\/1"}],"replies":[{"embeddable":true,"href":"https:\/\/interactivos.museodelamemoria.cl\/victims\/index.php?rest_route=%2Fwp%2Fv2%2Fcomments&post=1775"}],"version-history":[{"count":0,"href":"https:\/\/interactivos.museodelamemoria.cl\/victims\/index.php?rest_route=\/wp\/v2\/posts\/1775\/revisions"}],"wp:attachment":[{"href":"https:\/\/interactivos.museodelamemoria.cl\/victims\/index.php?rest_route=%2Fwp%2Fv2%2Fmedia&parent=1775"}],"wp:term":[{"taxonomy":"category","embeddable":true,"href":"https:\/\/interactivos.museodelamemoria.cl\/victims\/index.php?rest_route=%2Fwp%2Fv2%2Fcategories&post=1775"},{"taxonomy":"post_tag","embeddable":true,"href":"https:\/\/interactivos.museodelamemoria.cl\/victims\/index.php?rest_route=%2Fwp%2Fv2%2Ftags&post=1775"}],"curies":[{"name":"wp","href":"https:\/\/api.w.org\/{rel}","templated":true}]}}