{"id":1780,"date":"2013-04-01T00:00:00","date_gmt":"2013-04-01T00:00:00","guid":{"rendered":""},"modified":"2024-09-05T15:25:35","modified_gmt":"2024-09-05T15:25:35","slug":"victima-1-392","status":"publish","type":"post","link":"https:\/\/interactivos.museodelamemoria.cl\/victims\/?p=1780","title":{"rendered":"VILUGRON REYES JORGE ORLANDO"},"content":{"rendered":"<hr class=\"wp-block-separator has-text-color has-white-color has-alpha-channel-opacity has-white-background-color has-background is-style-default\"\/><p><strong>Instancia Calificadora:<\/strong> CVR violaci\u00f3n de DDHH<\/p><p><strong>Militancia:<\/strong> Sin Militancia<\/p><p><strong>Regi\u00f3n:<\/strong> XI Ays\u00e9n<\/p><p><strong>Ciudad:<\/strong> AYSEN<\/p><p><strong>Comuna:<\/strong> CISNES<\/p><p><strong>Fecha Detenci\u00f3n\/Muerte:<\/strong> 08-10-1973<\/p><p><strong>Ocupaci\u00f3n:<\/strong> PROFESOR<\/p><p><strong>Edad:<\/strong> 27<\/p>\n<hr class=\"wp-block-separator has-text-color has-white-color has-alpha-channel-opacity has-white-background-color has-background is-style-default\"\/><p>El 8 de octubre de 1973 fue fusilado en Puerto Cisnes, por efectivos del Ej\u00e9rcito y Carabineros, Jorge Orlando VILUGRON REYES, 27 a\u00f1os, profesor, simpatizante de izquierda. El 31 de septiembre hab\u00eda llegado a la localidad de La Junta una patrulla de carabineros y militares conscriptos, que detuvieron a todos los varones adultos del pueblo. Con posterioridad quedaron en libertad la mayor\u00eda de ellos, permaneciendo arrestados Vilugr\u00f3n con otras tres personas que fueron trasladados a Puerto Cisnes en una lancha. En esta \u00faltima localidad el afectado fue mantenido en esa embarcaci\u00f3n mientras el resto de los detenidos era llevado a la Tenencia de Carabineros del lugar. El oficial a cargo de la operaci\u00f3n, que proven\u00eda de Puerto Ays\u00e9n, comunic\u00f3 a los funcionarios p\u00fablicos de esa localidad que dos personas ser\u00edan fusiladas. El 8 de octubre, un pelot\u00f3n fusil\u00f3 a Jorge Vilugr\u00f3n, at\u00e1ndolo a un poste de electricidad cerca del muelle. Tras la ejecuci\u00f3n, el cuerpo de la v\u00edctima fue arrojado al mar dentro de un ata\u00fad. Numerosos testigos de este hecho entregaron su testimonio a la Comisi\u00f3n. El certificado de defunci\u00f3n respectivo se\u00f1ala como causa de muerte: \u00abfusilado\u00bb. Por su parte, el acta de inscripci\u00f3n de la defunci\u00f3n indica como causa, el fusilamiento y se\u00f1ala, \u00bb ser\u00e1 sepultado en el mar.\u00bb<\/p>\n<p>El diario El Mercurio en el mes de octubre de 1973 informaba que fue fusilado a las 07:00 horas del d\u00eda 8 en la Tenencia de Puerto Cisnes, Jorge Vilugr\u00f3n Reyes, \u00abun activo extremista\u00bb, reproduciendo lo se\u00f1alado por la oficina de prensa del Gobierno Provincial. La sentencia, se\u00f1ala la fuente, fue dictada por un Consejo de Guerra. Esta Comisi\u00f3n ha solicitado reiterada e infructuosamente el expediente en que tal Consejo de Guerra debiera constar.<\/p>\n<p>La Comisi\u00f3n se form\u00f3 la convicci\u00f3n que en la ejecuci\u00f3n de Jorge Vilugr\u00f3n se produjo una grave violaci\u00f3n de sus derechos fundamentales, en raz\u00f3n de los siguientes elementos:<\/p>\n<p>&#8211; La inexistencia de antecedentes que demuestren que hubiese existido realmente el Consejo de Guerra alegado en la informaci\u00f3n oficial;<\/p>\n<p>&#8211; Que si tal Consejo se hubiere realizado efectivamente, el acusado no cont\u00f3 con derecho alguno a la defensa;<\/p>\n<p>&#8211; Que el cad\u00e1ver de la v\u00edctima fue lanzado al mar, lo que agrega una causal m\u00e1s de ilegalidad al comportamiento de la autoridad.<\/p>\n\n\n<blockquote class=\"wp-block-quote is-layout-flow wp-block-quote-is-layout-flow\">\n<hr class=\"wp-block-separator has-alpha-channel-opacity\"\/>\n<cite><br>Para revisar informaci\u00f3n judicial sobre esta persona acceda al repositorio del Proyecto Expedientes de la Represi\u00f3n, que recopila las sentencias judiciales dictadas en los procesos penales ya concluidos por violaciones de derechos humanos cometidas durante la dictadura.<\/cite><\/blockquote>\n\n\n\n<figure class=\"wp-block-image size-full is-resized\"><a href=\"https:\/\/expedientesdelarepresion.cl\/causa\/caso-puerto-cisnes\/\"><img loading=\"lazy\" decoding=\"async\" width=\"126\" height=\"121\" src=\"https:\/\/interactivos.museodelamemoria.cl\/victimas\/wp-content\/uploads\/2024\/07\/logo-expedientes-de-la-represion_ok-e1721845389628.png\" alt=\"\" class=\"wp-image-5088\" style=\"width:110px;height:auto\"\/><\/a><\/figure>\n","protected":false},"excerpt":{"rendered":"<p>\tJorge Orlando Vilugr\u00f3n Reyes, 27 a\u00f1os, profesor, simpatizante de izquierda. Muerto el 8 de octubre de 1973 en Ays\u00e9n. \t &hellip; <a href=\"https:\/\/interactivos.museodelamemoria.cl\/victims\/?p=1780\" class=\"more-link\"><span class=\"readmore\">Averigua m\u00e1s acerca de esta v\u00edctima&#8230;<span class=\"screen-reader-text\">VILUGRON REYES JORGE ORLANDO<\/span><\/span><\/a><\/p>\n","protected":false},"author":1,"featured_media":0,"comment_status":"open","ping_status":"open","sticky":false,"template":"","format":"standard","meta":{"footnotes":""},"categories":[5],"tags":[],"class_list":["post-1780","post","type-post","status-publish","format-standard","hentry","category-ejecutado-politico"],"_links":{"self":[{"href":"https:\/\/interactivos.museodelamemoria.cl\/victims\/index.php?rest_route=\/wp\/v2\/posts\/1780"}],"collection":[{"href":"https:\/\/interactivos.museodelamemoria.cl\/victims\/index.php?rest_route=\/wp\/v2\/posts"}],"about":[{"href":"https:\/\/interactivos.museodelamemoria.cl\/victims\/index.php?rest_route=\/wp\/v2\/types\/post"}],"author":[{"embeddable":true,"href":"https:\/\/interactivos.museodelamemoria.cl\/victims\/index.php?rest_route=\/wp\/v2\/users\/1"}],"replies":[{"embeddable":true,"href":"https:\/\/interactivos.museodelamemoria.cl\/victims\/index.php?rest_route=%2Fwp%2Fv2%2Fcomments&post=1780"}],"version-history":[{"count":2,"href":"https:\/\/interactivos.museodelamemoria.cl\/victims\/index.php?rest_route=\/wp\/v2\/posts\/1780\/revisions"}],"predecessor-version":[{"id":6587,"href":"https:\/\/interactivos.museodelamemoria.cl\/victims\/index.php?rest_route=\/wp\/v2\/posts\/1780\/revisions\/6587"}],"wp:attachment":[{"href":"https:\/\/interactivos.museodelamemoria.cl\/victims\/index.php?rest_route=%2Fwp%2Fv2%2Fmedia&parent=1780"}],"wp:term":[{"taxonomy":"category","embeddable":true,"href":"https:\/\/interactivos.museodelamemoria.cl\/victims\/index.php?rest_route=%2Fwp%2Fv2%2Fcategories&post=1780"},{"taxonomy":"post_tag","embeddable":true,"href":"https:\/\/interactivos.museodelamemoria.cl\/victims\/index.php?rest_route=%2Fwp%2Fv2%2Ftags&post=1780"}],"curies":[{"name":"wp","href":"https:\/\/api.w.org\/{rel}","templated":true}]}}