{"id":1797,"date":"2013-04-01T00:00:00","date_gmt":"2013-04-01T00:00:00","guid":{"rendered":""},"modified":"2024-09-03T16:12:41","modified_gmt":"2024-09-03T16:12:41","slug":"victima-1-393","status":"publish","type":"post","link":"https:\/\/interactivos.museodelamemoria.cl\/victims\/?p=1797","title":{"rendered":"ZAPATA CARRASCO JOSE ANANIAS"},"content":{"rendered":"<hr class=\"wp-block-separator has-text-color has-white-color has-alpha-channel-opacity has-white-background-color has-background is-style-default\"\/><p><strong>Instancia Calificadora:<\/strong> CNRR violaci\u00f3n de DDHH<\/p><p><strong>Militancia:<\/strong> Sin Militancia<\/p><p><strong>Regi\u00f3n:<\/strong> XI Ays\u00e9n<\/p><p><strong>Ciudad:<\/strong> COYHAIQUE<\/p><p><strong>Comuna:<\/strong> <\/p><p><strong>Fecha Detenci\u00f3n\/Muerte:<\/strong> 16-06-1981<\/p><p><strong>Ocupaci\u00f3n:<\/strong> OBRERO AGRICOLA<\/p><p><strong>Edad:<\/strong> 28<\/p>\n<hr class=\"wp-block-separator has-text-color has-white-color has-alpha-channel-opacity has-white-background-color has-background is-style-default\"\/><p>Jos\u00e9 Anan\u00edas Zapata Carrasco muri\u00f3 ese d\u00eda a las 22:15 horas, en el Hospital de Coyhaique, por una herida de bala en la cabeza de tipo homicida, seg\u00fan se consigna en el Certificado de Defunci\u00f3n.<\/p>\n<p>De acuerdo con lo declarado por familiares, Jos\u00e9 Zapata fue detenido cerca del mediod\u00eda, en una chacra de Bah\u00eda Jara, por dos funcionarios de Carabineros de civil, acusado de un supuesto robo de animales. En declaraciones judiciales, testigos presenciales de los hechos se\u00f1alaron que cuando iban a esposarlo, Jos\u00e9 Zapata intent\u00f3 huir. Sus aprehensores, sin previa advertencia, dispararon en su contra, impact\u00e1ndolo por la espalda. Despu\u00e9s, uno de los uniformados le dispar\u00f3 nuevamente en la cabeza. Fue trasladado al Hospital de Coyhaique, donde falleci\u00f3 horas m\u00e1s tarde.<\/p>\n<p>En el Juzgado Militar de Coyhaique se inici\u00f3 una investigaci\u00f3n judicial, en la que se someti\u00f3 a proceso a uno de los funcionarios. Sin embargo, posteriormente se sobresey\u00f3 temporalmente la causa por estimarse que los hechos no constitu\u00edan delito.<\/p>\n<p>Considerando los antecedentes reunidos y la investigaci\u00f3n realizada por esta Corporaci\u00f3n, el Consejo Superior declar\u00f3 a Jos\u00e9 Anan\u00edas Zapata Carrasco v\u00edctima de violaci\u00f3n a los derechos humanos por agentes del Estado que hicieron uso irracional de la fuerza.<\/p>\n\n\n<blockquote class=\"wp-block-quote is-layout-flow wp-block-quote-is-layout-flow\">\n<hr class=\"wp-block-separator has-alpha-channel-opacity\"\/>\n<cite><br>Para revisar informaci\u00f3n judicial sobre esta persona acceda al repositorio del Proyecto Expedientes de la Represi\u00f3n, que recopila las sentencias judiciales dictadas en los procesos penales ya concluidos por violaciones de derechos humanos cometidas durante la dictadura.<\/cite><\/blockquote>\n\n\n\n<figure class=\"wp-block-image size-full is-resized\"><a href=\"https:\/\/expedientesdelarepresion.cl\/causa\/jose-zapata-carrasco\/\" target=\"_blank\" rel=\"noreferrer noopener\"><img loading=\"lazy\" decoding=\"async\" width=\"126\" height=\"121\" src=\"https:\/\/interactivos.museodelamemoria.cl\/victimas\/wp-content\/uploads\/2024\/07\/logo-expedientes-de-la-represion_ok-e1721845389628.png\" alt=\"\" class=\"wp-image-5088\" style=\"width:111px;height:auto\"\/><\/a><\/figure>\n","protected":false},"excerpt":{"rendered":"<p>\tJos\u00e9 Ananias Zapata Carrasco, 28 a\u00f1os,  trabajador agr\u00edcola. Muerto el 16 de junio de 1981 en Bah\u00eda Jara, Chile Chico.\t &hellip; <a href=\"https:\/\/interactivos.museodelamemoria.cl\/victims\/?p=1797\" class=\"more-link\"><span class=\"readmore\">Averigua m\u00e1s acerca de esta v\u00edctima&#8230;<span class=\"screen-reader-text\">ZAPATA CARRASCO JOSE ANANIAS<\/span><\/span><\/a><\/p>\n","protected":false},"author":1,"featured_media":0,"comment_status":"open","ping_status":"open","sticky":false,"template":"","format":"standard","meta":{"footnotes":""},"categories":[5],"tags":[],"class_list":["post-1797","post","type-post","status-publish","format-standard","hentry","category-ejecutado-politico"],"_links":{"self":[{"href":"https:\/\/interactivos.museodelamemoria.cl\/victims\/index.php?rest_route=\/wp\/v2\/posts\/1797"}],"collection":[{"href":"https:\/\/interactivos.museodelamemoria.cl\/victims\/index.php?rest_route=\/wp\/v2\/posts"}],"about":[{"href":"https:\/\/interactivos.museodelamemoria.cl\/victims\/index.php?rest_route=\/wp\/v2\/types\/post"}],"author":[{"embeddable":true,"href":"https:\/\/interactivos.museodelamemoria.cl\/victims\/index.php?rest_route=\/wp\/v2\/users\/1"}],"replies":[{"embeddable":true,"href":"https:\/\/interactivos.museodelamemoria.cl\/victims\/index.php?rest_route=%2Fwp%2Fv2%2Fcomments&post=1797"}],"version-history":[{"count":3,"href":"https:\/\/interactivos.museodelamemoria.cl\/victims\/index.php?rest_route=\/wp\/v2\/posts\/1797\/revisions"}],"predecessor-version":[{"id":6207,"href":"https:\/\/interactivos.museodelamemoria.cl\/victims\/index.php?rest_route=\/wp\/v2\/posts\/1797\/revisions\/6207"}],"wp:attachment":[{"href":"https:\/\/interactivos.museodelamemoria.cl\/victims\/index.php?rest_route=%2Fwp%2Fv2%2Fmedia&parent=1797"}],"wp:term":[{"taxonomy":"category","embeddable":true,"href":"https:\/\/interactivos.museodelamemoria.cl\/victims\/index.php?rest_route=%2Fwp%2Fv2%2Fcategories&post=1797"},{"taxonomy":"post_tag","embeddable":true,"href":"https:\/\/interactivos.museodelamemoria.cl\/victims\/index.php?rest_route=%2Fwp%2Fv2%2Ftags&post=1797"}],"curies":[{"name":"wp","href":"https:\/\/api.w.org\/{rel}","templated":true}]}}