{"id":1809,"date":"2013-04-01T00:00:00","date_gmt":"2013-04-01T00:00:00","guid":{"rendered":""},"modified":"2013-04-01T00:00:00","modified_gmt":"2013-04-01T00:00:00","slug":"victima-1","status":"publish","type":"post","link":"https:\/\/interactivos.museodelamemoria.cl\/victims\/?p=1809","title":{"rendered":"ZAMORANO ARANGUIZ ROBINSON"},"content":{"rendered":"<hr class=\"wp-block-separator has-text-color has-white-color has-alpha-channel-opacity has-white-background-color has-background is-style-default\"\/><p><strong>Instancia Calificadora:<\/strong> CNRR violencia pol\u00edtica<\/p><p><strong>Militancia:<\/strong> Sin Militancia<\/p><p><strong>Regi\u00f3n:<\/strong> RM Metropolitana<\/p><p><strong>Ciudad:<\/strong> SANTIAGO<\/p><p><strong>Comuna:<\/strong> <\/p><p><strong>Fecha Detenci\u00f3n\/Muerte:<\/strong> 23-10-1973<\/p><p><strong>Ocupaci\u00f3n:<\/strong> TRABAJADOR<\/p><p><strong>Edad:<\/strong> 23<\/p>\n<hr class=\"wp-block-separator has-text-color has-white-color has-alpha-channel-opacity has-white-background-color has-background is-style-default\"\/>\tRobinson Zamorano Aranguiz muri\u00f3 ese d\u00eda a las 10:10 horas, en la v\u00eda p\u00fablica, por heridas de bala abd\u00f3mino tor\u00e1cicas, seg\u00fan se\u00f1ala el Certificado M\u00e9dico de Defunci\u00f3n del Instituto M\u00e9dico Legal.\r\n\r\nDe acuerdo con declaraciones de sus familiares, el 22 de octubre, alrededor de las 19:30 horas, Robinson Zamorano sali\u00f3 de su domicilio de la poblaci\u00f3n Jos\u00e9 Mar\u00eda Caro, se\u00f1alando que volver\u00eda pronto.\r\n\r\nComo ello no ocurri\u00f3, lo buscaron en los distintos lugares de detenci\u00f3n de la \u00e9poca, sin lograr encontrarlo. \r\n\r\nEl 31 de octubre de 1973, su cad\u00e1ver fue ubicado en el Instituto M\u00e9dico Legal, donde la familia fue informada de que el cuerpo hab\u00eda sido encontrado en las cercan\u00edas del Cementerio Metropolitano. \r\n\r\nConsiderando los antecedentes reunidos, y pese a no haberse podido establecer las circunstancias precisas de su muerte, el Consejo Superior, atendiendo la \u00e9poca en que ocurri\u00f3 y la causa de \u00e9sta, declar\u00f3 a Robinson Zamorano Aranguiz v\u00edctima de la violencia pol\u00edtica imperante.\t","protected":false},"excerpt":{"rendered":"<p>\tRobinson Zamorano Aranguiz, 23 a\u00f1os,  trabajador. Muerto el 23 de octubre de 1973 en Santiago.\t &hellip; <a href=\"https:\/\/interactivos.museodelamemoria.cl\/victims\/?p=1809\" class=\"more-link\"><span class=\"readmore\">Averigua m\u00e1s acerca de esta v\u00edctima&#8230;<span class=\"screen-reader-text\">ZAMORANO ARANGUIZ ROBINSON<\/span><\/span><\/a><\/p>\n","protected":false},"author":1,"featured_media":0,"comment_status":"open","ping_status":"open","sticky":false,"template":"","format":"standard","meta":{"footnotes":""},"categories":[5],"tags":[],"class_list":["post-1809","post","type-post","status-publish","format-standard","hentry","category-ejecutado-politico"],"_links":{"self":[{"href":"https:\/\/interactivos.museodelamemoria.cl\/victims\/index.php?rest_route=\/wp\/v2\/posts\/1809"}],"collection":[{"href":"https:\/\/interactivos.museodelamemoria.cl\/victims\/index.php?rest_route=\/wp\/v2\/posts"}],"about":[{"href":"https:\/\/interactivos.museodelamemoria.cl\/victims\/index.php?rest_route=\/wp\/v2\/types\/post"}],"author":[{"embeddable":true,"href":"https:\/\/interactivos.museodelamemoria.cl\/victims\/index.php?rest_route=\/wp\/v2\/users\/1"}],"replies":[{"embeddable":true,"href":"https:\/\/interactivos.museodelamemoria.cl\/victims\/index.php?rest_route=%2Fwp%2Fv2%2Fcomments&post=1809"}],"version-history":[{"count":0,"href":"https:\/\/interactivos.museodelamemoria.cl\/victims\/index.php?rest_route=\/wp\/v2\/posts\/1809\/revisions"}],"wp:attachment":[{"href":"https:\/\/interactivos.museodelamemoria.cl\/victims\/index.php?rest_route=%2Fwp%2Fv2%2Fmedia&parent=1809"}],"wp:term":[{"taxonomy":"category","embeddable":true,"href":"https:\/\/interactivos.museodelamemoria.cl\/victims\/index.php?rest_route=%2Fwp%2Fv2%2Fcategories&post=1809"},{"taxonomy":"post_tag","embeddable":true,"href":"https:\/\/interactivos.museodelamemoria.cl\/victims\/index.php?rest_route=%2Fwp%2Fv2%2Ftags&post=1809"}],"curies":[{"name":"wp","href":"https:\/\/api.w.org\/{rel}","templated":true}]}}