{"id":1810,"date":"2013-04-01T00:00:00","date_gmt":"2013-04-01T00:00:00","guid":{"rendered":""},"modified":"2016-02-19T15:42:27","modified_gmt":"2016-02-19T15:42:27","slug":"victima-1-171","status":"publish","type":"post","link":"https:\/\/interactivos.museodelamemoria.cl\/victims\/?p=1810","title":{"rendered":"ORELLANA VILLA PEDRO JUAN"},"content":{"rendered":"<hr class=\"wp-block-separator has-text-color has-white-color has-alpha-channel-opacity has-white-background-color has-background is-style-default\"\/><p><strong>Instancia Calificadora:<\/strong> CNRR violaci\u00f3n de DDHH<\/p><p><strong>Militancia:<\/strong> PS<\/p><p><strong>Regi\u00f3n:<\/strong> VIII Biob\u00edo<\/p><p><strong>Ciudad:<\/strong> SAN CARLOS<\/p><p><strong>Comuna:<\/strong> <\/p><p><strong>Fecha Detenci\u00f3n\/Muerte:<\/strong> 01-10-1973<\/p><p><strong>Ocupaci\u00f3n:<\/strong> ARTESANO<\/p><p><strong>Edad:<\/strong> 28<\/p>\n<hr class=\"wp-block-separator has-text-color has-white-color has-alpha-channel-opacity has-white-background-color has-background is-style-default\"\/>Pedro Juan Orellana Villa muri\u00f3 ese d\u00eda a las 21:00 horas, en el Hospital Cl\u00ednico Regional de Concepci\u00f3n, por una herida de bala cr\u00e1neo cerebral, seg\u00fan se\u00f1ala el Certificado de Defunci\u00f3n. Ese mismo d\u00eda hab\u00eda sido trasladado a Concepci\u00f3n desde el Hospital de San Carlos debido a su gravedad.\r\n\r\nDe acuerdo con lo declarado por testigos, el 29 de septiembre de 1973 Pedro Orellana se retir\u00f3 de la casa de unos amigos para dirigirse a su domicilio una hora antes del inicio del toque de queda; a los pocos momentos de haber salido a la calle, ellos sintieron pasar una patrulla militar y unos disparos.\r\n\r\nAl d\u00eda siguiente, Carabineros denunci\u00f3 al Tribunal de San Carlos haberlo encontrado herido en la Laguna Municipal de esa ciudad. En el parte policial se consign\u00f3 que \u00ab&#8230;estaba en posici\u00f3n de c\u00fabito dorsal entre unas zarzamoras y presentaba lesiones en la cara y hematomas en ambos ojos. A juicio del oficial que procedi\u00f3 al levantamiento del lesionado, \u00e9ste habr\u00eda sido lanzado a las zarzamoras por su aprehensores (&#8230;) no hab\u00eda se\u00f1ales de lucha en el sitio del suceso.\u00bb\r\n\r\nEl Tribunal posteriormente sobresey\u00f3 la investigaci\u00f3n, considerando que \u00abno resulta completamente justificado en autos la perpetraci\u00f3n del delito denunciado\u00bb. La Corte de Apelaciones de Chill\u00e1n ratific\u00f3 esta decisi\u00f3n.\r\n\r\nConsiderando los antecedentes reunidos y la investigaci\u00f3n realizada, el Consejo Superior lleg\u00f3 a la convicci\u00f3n de que Pedro Juan Orellana Villa fue ejecutado por agentes del Estado al margen de proceso legal. Por tal raz\u00f3n, lo declar\u00f3 v\u00edctima de violaci\u00f3n de derechos humanos.","protected":false},"excerpt":{"rendered":"<p>\tPedro Juan Orellana Villa, 28 a\u00f1os,  artesano. Muerto el 1 de octubre de 1973 en San Carlos.\t &hellip; <a href=\"https:\/\/interactivos.museodelamemoria.cl\/victims\/?p=1810\" class=\"more-link\"><span class=\"readmore\">Averigua m\u00e1s acerca de esta v\u00edctima&#8230;<span class=\"screen-reader-text\">ORELLANA VILLA PEDRO JUAN<\/span><\/span><\/a><\/p>\n","protected":false},"author":1,"featured_media":0,"comment_status":"open","ping_status":"open","sticky":false,"template":"","format":"standard","meta":{"footnotes":""},"categories":[5],"tags":[],"class_list":["post-1810","post","type-post","status-publish","format-standard","hentry","category-ejecutado-politico"],"_links":{"self":[{"href":"https:\/\/interactivos.museodelamemoria.cl\/victims\/index.php?rest_route=\/wp\/v2\/posts\/1810"}],"collection":[{"href":"https:\/\/interactivos.museodelamemoria.cl\/victims\/index.php?rest_route=\/wp\/v2\/posts"}],"about":[{"href":"https:\/\/interactivos.museodelamemoria.cl\/victims\/index.php?rest_route=\/wp\/v2\/types\/post"}],"author":[{"embeddable":true,"href":"https:\/\/interactivos.museodelamemoria.cl\/victims\/index.php?rest_route=\/wp\/v2\/users\/1"}],"replies":[{"embeddable":true,"href":"https:\/\/interactivos.museodelamemoria.cl\/victims\/index.php?rest_route=%2Fwp%2Fv2%2Fcomments&post=1810"}],"version-history":[{"count":3,"href":"https:\/\/interactivos.museodelamemoria.cl\/victims\/index.php?rest_route=\/wp\/v2\/posts\/1810\/revisions"}],"predecessor-version":[{"id":3898,"href":"https:\/\/interactivos.museodelamemoria.cl\/victims\/index.php?rest_route=\/wp\/v2\/posts\/1810\/revisions\/3898"}],"wp:attachment":[{"href":"https:\/\/interactivos.museodelamemoria.cl\/victims\/index.php?rest_route=%2Fwp%2Fv2%2Fmedia&parent=1810"}],"wp:term":[{"taxonomy":"category","embeddable":true,"href":"https:\/\/interactivos.museodelamemoria.cl\/victims\/index.php?rest_route=%2Fwp%2Fv2%2Fcategories&post=1810"},{"taxonomy":"post_tag","embeddable":true,"href":"https:\/\/interactivos.museodelamemoria.cl\/victims\/index.php?rest_route=%2Fwp%2Fv2%2Ftags&post=1810"}],"curies":[{"name":"wp","href":"https:\/\/api.w.org\/{rel}","templated":true}]}}