{"id":1839,"date":"2013-04-01T00:00:00","date_gmt":"2013-04-01T00:00:00","guid":{"rendered":""},"modified":"2013-04-01T00:00:00","modified_gmt":"2013-04-01T00:00:00","slug":"victima-1","status":"publish","type":"post","link":"https:\/\/interactivos.museodelamemoria.cl\/victims\/?p=1839","title":{"rendered":"YEVENES YEVENES SIMON EDUARDO"},"content":{"rendered":"<hr class=\"wp-block-separator has-text-color has-white-color has-alpha-channel-opacity has-white-background-color has-background is-style-default\"\/><p><strong>Instancia Calificadora:<\/strong> CVR violaci\u00f3n de DDHH<\/p><p><strong>Militancia:<\/strong> UDI<\/p><p><strong>Regi\u00f3n:<\/strong> RM Metropolitana<\/p><p><strong>Ciudad:<\/strong> SANTIAGO<\/p><p><strong>Comuna:<\/strong> SAN MIGUEL<\/p><p><strong>Fecha Detenci\u00f3n\/Muerte:<\/strong> 02-04-1986<\/p><p><strong>Ocupaci\u00f3n:<\/strong> COMERCIANTE<\/p><p><strong>Edad:<\/strong> 42<\/p>\n<hr class=\"wp-block-separator has-text-color has-white-color has-alpha-channel-opacity has-white-background-color has-background is-style-default\"\/>\tEl 2 de abril de 1986, fue muerto Sim\u00f3n YEVENES YEVENES, de 42 a\u00f1os; trabajaba como comerciante y era dirigente poblacional de la Uni\u00f3n Dem\u00f3crata Independiente (UDI) de San Joaqu\u00edn.\r\n\r\nAproximadamente a las 20:00 horas de ese d\u00eda, mientras se encontraba en el local comercial de su propiedad, ubicado en Villa Brasil, Santiago, ingres\u00f3 un individuo que usando un arma autom\u00e1tica procedi\u00f3 a dispararle desde muy corta distancia, caus\u00e1ndole un traumatismo cr\u00e1neo encef\u00e1lico y cervical, falleciendo en el mismo lugar de los hechos.  Afuera hab\u00eda otro individuo armado que cuidaba la hu\u00edda del lugar.  Lo anterior consta por declaraciones de testigos e informaciones aparecidas en la prensa.  \r\n\r\nSe pudo establecer en el proceso judicial que los autores del atentado eran miembros del Frente Patri\u00f3tico Manuel Rodr\u00edguez.  Ello en cuanto coinciden las armas que luego fueron usadas en el asalto a la Panader\u00eda Lautaro.  Por estos hechos existen personas que han sido condenadas.\r\n\r\nLa Comisi\u00f3n se form\u00f3 la convicci\u00f3n que Sim\u00f3n Y\u00e9venes fue muerto en una violaci\u00f3n de sus derechos humanos, por militantes del Frente Patri\u00f3tico Manuel Rodr\u00edguez, quienes actuaron bajo pretextos pol\u00edticos.\t","protected":false},"excerpt":{"rendered":"<p>\tSim\u00f3n Eduardo Y\u00e9venes Y\u00e9venes, 42 a\u00f1os, comerciante, militante de la Uni\u00f3n Dem\u00f3crata Independiente (UDI). Muerto el 2 de abril de 1986 en Santiago.\t &hellip; <a href=\"https:\/\/interactivos.museodelamemoria.cl\/victims\/?p=1839\" class=\"more-link\"><span class=\"readmore\">Averigua m\u00e1s acerca de esta v\u00edctima&#8230;<span class=\"screen-reader-text\">YEVENES YEVENES SIMON EDUARDO<\/span><\/span><\/a><\/p>\n","protected":false},"author":1,"featured_media":0,"comment_status":"open","ping_status":"open","sticky":false,"template":"","format":"standard","meta":{"footnotes":""},"categories":[5],"tags":[],"class_list":["post-1839","post","type-post","status-publish","format-standard","hentry","category-ejecutado-politico"],"_links":{"self":[{"href":"https:\/\/interactivos.museodelamemoria.cl\/victims\/index.php?rest_route=\/wp\/v2\/posts\/1839"}],"collection":[{"href":"https:\/\/interactivos.museodelamemoria.cl\/victims\/index.php?rest_route=\/wp\/v2\/posts"}],"about":[{"href":"https:\/\/interactivos.museodelamemoria.cl\/victims\/index.php?rest_route=\/wp\/v2\/types\/post"}],"author":[{"embeddable":true,"href":"https:\/\/interactivos.museodelamemoria.cl\/victims\/index.php?rest_route=\/wp\/v2\/users\/1"}],"replies":[{"embeddable":true,"href":"https:\/\/interactivos.museodelamemoria.cl\/victims\/index.php?rest_route=%2Fwp%2Fv2%2Fcomments&post=1839"}],"version-history":[{"count":0,"href":"https:\/\/interactivos.museodelamemoria.cl\/victims\/index.php?rest_route=\/wp\/v2\/posts\/1839\/revisions"}],"wp:attachment":[{"href":"https:\/\/interactivos.museodelamemoria.cl\/victims\/index.php?rest_route=%2Fwp%2Fv2%2Fmedia&parent=1839"}],"wp:term":[{"taxonomy":"category","embeddable":true,"href":"https:\/\/interactivos.museodelamemoria.cl\/victims\/index.php?rest_route=%2Fwp%2Fv2%2Fcategories&post=1839"},{"taxonomy":"post_tag","embeddable":true,"href":"https:\/\/interactivos.museodelamemoria.cl\/victims\/index.php?rest_route=%2Fwp%2Fv2%2Ftags&post=1839"}],"curies":[{"name":"wp","href":"https:\/\/api.w.org\/{rel}","templated":true}]}}