{"id":1864,"date":"2013-04-01T00:00:00","date_gmt":"2013-04-01T00:00:00","guid":{"rendered":""},"modified":"2013-04-01T00:00:00","modified_gmt":"2013-04-01T00:00:00","slug":"victima-1","status":"publish","type":"post","link":"https:\/\/interactivos.museodelamemoria.cl\/victims\/?p=1864","title":{"rendered":"HERRERA SERRANO JOSE GUILLERMO"},"content":{"rendered":"<hr class=\"wp-block-separator has-text-color has-white-color has-alpha-channel-opacity has-white-background-color has-background is-style-default\"\/><p><strong>Instancia Calificadora:<\/strong> CVR violaci\u00f3n de DDHH<\/p><p><strong>Militancia:<\/strong> Sin Militancia<\/p><p><strong>Regi\u00f3n:<\/strong> RM Metropolitana<\/p><p><strong>Ciudad:<\/strong> SANTIAGO<\/p><p><strong>Comuna:<\/strong> SAN MIGUEL<\/p><p><strong>Fecha Detenci\u00f3n\/Muerte:<\/strong> 06-12-1984<\/p><p><strong>Ocupaci\u00f3n:<\/strong> CABO 1\u00ba CARABINEROS<\/p><p><strong>Edad:<\/strong> 26<\/p>\n<hr class=\"wp-block-separator has-text-color has-white-color has-alpha-channel-opacity has-white-background-color has-background is-style-default\"\/>\tEl 6 de diciembre de 1984, fue muerto Jos\u00e9 Guillermo HERRERA SERRANO, de 26 a\u00f1os de edad, Cabo 1\u00ba de Carabineros que se desempe\u00f1aba en la Tenencia Santa Adriana.\r\n\r\nMientras el Cabo Herrera se encontraba de noche al interior del Cuartel, individuos fuertemente armados atacaron el inmueble.  El ataque fue repelido por personal de la Tenencia.  En este hecho el suboficial se\u00f1alado sufri\u00f3 heridas a bala en el cuerpo que le causaron la muerte cuando era trasladado al Hospital Barros Luco.  Resultaron heridos otros funcionarios policiales.\r\n \r\nEl protocolo de autopsia concluye que la causa de la muerte fue \u00abtraumatismos tor\u00e1cico, raquimedular dorsal, abdominal y de la extremidad superior derecha por balas\u00bb.\r\n\r\nLos antecedentes analizados permiten afirmar que el ataque estuvo dirigido a Carabineros de Chile.  La reiteraci\u00f3n de hechos similares permite presumir que \u00e9ste atentado form\u00f3 parte de una serie planificada de los mismos.\r\n\r\nLa Comisi\u00f3n lleg\u00f3 a la convicci\u00f3n de que el Cabo 1\u00ba de Carabineros Jos\u00e9 Herrera fue una v\u00edctima de violaci\u00f3n de los derechos humanos, por cuanto falleci\u00f3 en un atentado perpetrado por particulares que actuaron bajo pretextos pol\u00edticos.\t","protected":false},"excerpt":{"rendered":"<p>\tJos\u00e9 Guillermo Herrera Serrano, 26 a\u00f1os, Cabo 1\u00ba de Carabineros.  Muerto el 6 de diciembre de 1984 en Santiago.\t &hellip; <a href=\"https:\/\/interactivos.museodelamemoria.cl\/victims\/?p=1864\" class=\"more-link\"><span class=\"readmore\">Averigua m\u00e1s acerca de esta v\u00edctima&#8230;<span class=\"screen-reader-text\">HERRERA SERRANO JOSE GUILLERMO<\/span><\/span><\/a><\/p>\n","protected":false},"author":1,"featured_media":0,"comment_status":"open","ping_status":"open","sticky":false,"template":"","format":"standard","meta":{"footnotes":""},"categories":[5],"tags":[],"class_list":["post-1864","post","type-post","status-publish","format-standard","hentry","category-ejecutado-politico"],"_links":{"self":[{"href":"https:\/\/interactivos.museodelamemoria.cl\/victims\/index.php?rest_route=\/wp\/v2\/posts\/1864"}],"collection":[{"href":"https:\/\/interactivos.museodelamemoria.cl\/victims\/index.php?rest_route=\/wp\/v2\/posts"}],"about":[{"href":"https:\/\/interactivos.museodelamemoria.cl\/victims\/index.php?rest_route=\/wp\/v2\/types\/post"}],"author":[{"embeddable":true,"href":"https:\/\/interactivos.museodelamemoria.cl\/victims\/index.php?rest_route=\/wp\/v2\/users\/1"}],"replies":[{"embeddable":true,"href":"https:\/\/interactivos.museodelamemoria.cl\/victims\/index.php?rest_route=%2Fwp%2Fv2%2Fcomments&post=1864"}],"version-history":[{"count":0,"href":"https:\/\/interactivos.museodelamemoria.cl\/victims\/index.php?rest_route=\/wp\/v2\/posts\/1864\/revisions"}],"wp:attachment":[{"href":"https:\/\/interactivos.museodelamemoria.cl\/victims\/index.php?rest_route=%2Fwp%2Fv2%2Fmedia&parent=1864"}],"wp:term":[{"taxonomy":"category","embeddable":true,"href":"https:\/\/interactivos.museodelamemoria.cl\/victims\/index.php?rest_route=%2Fwp%2Fv2%2Fcategories&post=1864"},{"taxonomy":"post_tag","embeddable":true,"href":"https:\/\/interactivos.museodelamemoria.cl\/victims\/index.php?rest_route=%2Fwp%2Fv2%2Ftags&post=1864"}],"curies":[{"name":"wp","href":"https:\/\/api.w.org\/{rel}","templated":true}]}}