{"id":1881,"date":"2013-04-01T00:00:00","date_gmt":"2013-04-01T00:00:00","guid":{"rendered":""},"modified":"2024-09-03T15:48:31","modified_gmt":"2024-09-03T15:48:31","slug":"victima-1-741","status":"publish","type":"post","link":"https:\/\/interactivos.museodelamemoria.cl\/victims\/?p=1881","title":{"rendered":"RAMIREZ PE\u00d1A JUAN GUILLERMO"},"content":{"rendered":"<hr class=\"wp-block-separator has-text-color has-white-color has-alpha-channel-opacity has-white-background-color has-background is-style-default\"\/><p><strong>Instancia Calificadora:<\/strong> CNRR violaci\u00f3n de DDHH<\/p><p><strong>Militancia:<\/strong> Sin Militancia<\/p><p><strong>Regi\u00f3n:<\/strong> V Valpara\u00edso<\/p><p><strong>Ciudad:<\/strong> VI\u00d1A DEL MAR<\/p><p><strong>Comuna:<\/strong> VI\u00d1A DEL MAR<\/p><p><strong>Fecha Detenci\u00f3n\/Muerte:<\/strong> 01-01-1974<\/p><p><strong>Ocupaci\u00f3n:<\/strong> OBRERO<\/p><p><strong>Edad:<\/strong> 20<\/p>\n<hr class=\"wp-block-separator has-text-color has-white-color has-alpha-channel-opacity has-white-background-color has-background is-style-default\"\/><p>muri\u00f3 ese d\u00eda a las 2:30 horas, en la v\u00eda p\u00fablica, por una herida de bala con perforaci\u00f3n completa del cuello, con ruptura de vasos importantes y de la laringe, seg\u00fan se consigna en el Certificado M\u00e9dico de Defunci\u00f3n del Instituto M\u00e9dico Legal.<\/p>\n<p>De acuerdo con declaraciones de testigos presenciales, la noche de los hechos, Juan Ram\u00edrez y unos amigos regresaban a su casa de una fiesta en la poblaci\u00f3n G\u00f3mez Carre\u00f1o, en Vi\u00f1a del Mar. En el camino se cruzaron con un funcionario perteneciente a la Comisar\u00eda de Carabineros del sector, quien, sin mediar provocaci\u00f3n, dispar\u00f3 por la espalda a Juan Ram\u00edrez, impact\u00e1ndolo en el cuello. Posteriormente, huy\u00f3 del lugar.<\/p>\n<p>Sus amigos hicieron la denuncia de inmediato en el cuartel policial, pero los carabineros los acusaron de extremistas y procedieron a dejarlos detenidos por varias horas. Despu\u00e9s los dejaron en libertad con citaci\u00f3n a declarar a un Tribunal. <\/p>\n<p>Investigaciones realizadas por esta Corporaci\u00f3n permitieron establecer que se tramit\u00f3 un proceso en la Fiscal\u00eda Naval de Valpara\u00edso para averiguar estos hechos, el cual no pudo conocerse pese a solicitarse su desarchivo.<\/p>\n<p>Considerando los antecedentes reunidos y la investigaci\u00f3n realizada por esta Corporaci\u00f3n, el Consejo Superior lleg\u00f3 a la convicci\u00f3n de que Juan Guillermo Ram\u00edrez Pe\u00f1a fue v\u00edctima de violaci\u00f3n de derechos humanos por parte de un agente del Estado que hizo uso irracional de la fuerza.<\/p>\n\n\n<blockquote class=\"wp-block-quote is-layout-flow wp-block-quote-is-layout-flow\">\n<hr class=\"wp-block-separator has-alpha-channel-opacity\"\/>\n<cite><br>Para revisar informaci\u00f3n judicial sobre esta persona acceda al repositorio del Proyecto Expedientes de la Represi\u00f3n, que recopila las sentencias judiciales dictadas en los procesos penales ya concluidos por violaciones de derechos humanos cometidas durante la dictadura.<\/cite><\/blockquote>\n\n\n\n<figure class=\"wp-block-image is-resized\"><a href=\"https:\/\/expedientesdelarepresion.cl\/causa\/juan-guillermo-ramirez-pena\/\" target=\"_blank\" rel=\"noreferrer noopener\"><img loading=\"lazy\" decoding=\"async\" width=\"126\" height=\"121\" src=\"https:\/\/interactivos.museodelamemoria.cl\/victimas\/wp-content\/uploads\/2024\/07\/logo-expedientes-de-la-represion_ok-e1721845389628.png\" alt=\"\" class=\"wp-image-5088\" style=\"width:116px;height:auto\"\/><\/a><\/figure>\n","protected":false},"excerpt":{"rendered":"<p>\tJuan Guillermo Ram\u00edrez Pe\u00f1a, 20 a\u00f1os, trabajador. Muerto el 1 de enero de 1974 en Vi\u00f1a del Mar.\t &hellip; <a href=\"https:\/\/interactivos.museodelamemoria.cl\/victims\/?p=1881\" class=\"more-link\"><span class=\"readmore\">Averigua m\u00e1s acerca de esta v\u00edctima&#8230;<span class=\"screen-reader-text\">RAMIREZ PE\u00d1A JUAN GUILLERMO<\/span><\/span><\/a><\/p>\n","protected":false},"author":1,"featured_media":0,"comment_status":"open","ping_status":"open","sticky":false,"template":"","format":"standard","meta":{"footnotes":""},"categories":[5],"tags":[],"class_list":["post-1881","post","type-post","status-publish","format-standard","hentry","category-ejecutado-politico"],"_links":{"self":[{"href":"https:\/\/interactivos.museodelamemoria.cl\/victims\/index.php?rest_route=\/wp\/v2\/posts\/1881"}],"collection":[{"href":"https:\/\/interactivos.museodelamemoria.cl\/victims\/index.php?rest_route=\/wp\/v2\/posts"}],"about":[{"href":"https:\/\/interactivos.museodelamemoria.cl\/victims\/index.php?rest_route=\/wp\/v2\/types\/post"}],"author":[{"embeddable":true,"href":"https:\/\/interactivos.museodelamemoria.cl\/victims\/index.php?rest_route=\/wp\/v2\/users\/1"}],"replies":[{"embeddable":true,"href":"https:\/\/interactivos.museodelamemoria.cl\/victims\/index.php?rest_route=%2Fwp%2Fv2%2Fcomments&post=1881"}],"version-history":[{"count":3,"href":"https:\/\/interactivos.museodelamemoria.cl\/victims\/index.php?rest_route=\/wp\/v2\/posts\/1881\/revisions"}],"predecessor-version":[{"id":6146,"href":"https:\/\/interactivos.museodelamemoria.cl\/victims\/index.php?rest_route=\/wp\/v2\/posts\/1881\/revisions\/6146"}],"wp:attachment":[{"href":"https:\/\/interactivos.museodelamemoria.cl\/victims\/index.php?rest_route=%2Fwp%2Fv2%2Fmedia&parent=1881"}],"wp:term":[{"taxonomy":"category","embeddable":true,"href":"https:\/\/interactivos.museodelamemoria.cl\/victims\/index.php?rest_route=%2Fwp%2Fv2%2Fcategories&post=1881"},{"taxonomy":"post_tag","embeddable":true,"href":"https:\/\/interactivos.museodelamemoria.cl\/victims\/index.php?rest_route=%2Fwp%2Fv2%2Ftags&post=1881"}],"curies":[{"name":"wp","href":"https:\/\/api.w.org\/{rel}","templated":true}]}}