{"id":189,"date":"2013-04-01T00:00:00","date_gmt":"2013-04-01T00:00:00","guid":{"rendered":""},"modified":"2013-04-01T00:00:00","modified_gmt":"2013-04-01T00:00:00","slug":"victima-1","status":"publish","type":"post","link":"https:\/\/interactivos.museodelamemoria.cl\/victims\/?p=189","title":{"rendered":"ALEGRIA ARRIAGADA SERGIO SEGUNDO"},"content":{"rendered":"<hr class=\"wp-block-separator has-text-color has-white-color has-alpha-channel-opacity has-white-background-color has-background is-style-default\"\/><p><strong>Instancia Calificadora:<\/strong> CVR violaci\u00f3n de DDHH<\/p><p><strong>Militancia:<\/strong> Sin Militancia<\/p><p><strong>Regi\u00f3n:<\/strong> RM Metropolitana<\/p><p><strong>Ciudad:<\/strong> SANTIAGO<\/p><p><strong>Comuna:<\/strong> <\/p><p><strong>Fecha Detenci\u00f3n\/Muerte:<\/strong> 12-09-1983<\/p><p><strong>Ocupaci\u00f3n:<\/strong> COMERCIANTE AMBULANTE<\/p><p><strong>Edad:<\/strong> 24<\/p>\n<hr class=\"wp-block-separator has-text-color has-white-color has-alpha-channel-opacity has-white-background-color has-background is-style-default\"\/>\tEl mismo d\u00eda muri\u00f3 Sergio Segundo ALEGRIA ARRIAGADA, de 24 a\u00f1os de edad, comerciante ambulante.\r\n\r\nEn la noche del 11 de septiembre de 1983 se realizaron manifestaciones antigubernamentales en la poblaci\u00f3n Neptuno (Santiago), al igual que en otros sectores de la ciudad.  Sergio Segundo Alegr\u00eda se encontraba en calle Los Aromos con Loyola cuando recibi\u00f3 un impacto de bala que le caus\u00f3 la muerte al d\u00eda siguiente.  Testigos veros\u00edmiles declaran que la bala que lo impact\u00f3 provino de un autom\u00f3vil que pas\u00f3 por el lugar disparando con armas de fuego contra los manifestantes.\r\n\r\nPor los antecedentes expuestos, esta Comisi\u00f3n se form\u00f3 convicci\u00f3n que Sergio Segundo Alegr\u00eda fue v\u00edctima de violaci\u00f3n a los derechos humanos cometida por particulares que actuaban bajo pretexto pol\u00edtico.\t","protected":false},"excerpt":{"rendered":"<p>\tSergio Segundo Alegria Arriagada, de 24 a\u00f1os de edad, comerciante ambulante. Muerto el 12 de septiembre de 1983 en Santiago. \t &hellip; <a href=\"https:\/\/interactivos.museodelamemoria.cl\/victims\/?p=189\" class=\"more-link\"><span class=\"readmore\">Averigua m\u00e1s acerca de esta v\u00edctima&#8230;<span class=\"screen-reader-text\">ALEGRIA ARRIAGADA SERGIO SEGUNDO<\/span><\/span><\/a><\/p>\n","protected":false},"author":1,"featured_media":0,"comment_status":"open","ping_status":"open","sticky":false,"template":"","format":"standard","meta":{"footnotes":""},"categories":[5],"tags":[],"class_list":["post-189","post","type-post","status-publish","format-standard","hentry","category-ejecutado-politico"],"_links":{"self":[{"href":"https:\/\/interactivos.museodelamemoria.cl\/victims\/index.php?rest_route=\/wp\/v2\/posts\/189"}],"collection":[{"href":"https:\/\/interactivos.museodelamemoria.cl\/victims\/index.php?rest_route=\/wp\/v2\/posts"}],"about":[{"href":"https:\/\/interactivos.museodelamemoria.cl\/victims\/index.php?rest_route=\/wp\/v2\/types\/post"}],"author":[{"embeddable":true,"href":"https:\/\/interactivos.museodelamemoria.cl\/victims\/index.php?rest_route=\/wp\/v2\/users\/1"}],"replies":[{"embeddable":true,"href":"https:\/\/interactivos.museodelamemoria.cl\/victims\/index.php?rest_route=%2Fwp%2Fv2%2Fcomments&post=189"}],"version-history":[{"count":0,"href":"https:\/\/interactivos.museodelamemoria.cl\/victims\/index.php?rest_route=\/wp\/v2\/posts\/189\/revisions"}],"wp:attachment":[{"href":"https:\/\/interactivos.museodelamemoria.cl\/victims\/index.php?rest_route=%2Fwp%2Fv2%2Fmedia&parent=189"}],"wp:term":[{"taxonomy":"category","embeddable":true,"href":"https:\/\/interactivos.museodelamemoria.cl\/victims\/index.php?rest_route=%2Fwp%2Fv2%2Fcategories&post=189"},{"taxonomy":"post_tag","embeddable":true,"href":"https:\/\/interactivos.museodelamemoria.cl\/victims\/index.php?rest_route=%2Fwp%2Fv2%2Ftags&post=189"}],"curies":[{"name":"wp","href":"https:\/\/api.w.org\/{rel}","templated":true}]}}