{"id":1922,"date":"2013-04-01T00:00:00","date_gmt":"2013-04-01T00:00:00","guid":{"rendered":""},"modified":"2024-09-09T19:20:42","modified_gmt":"2024-09-09T19:20:42","slug":"victima-1-1068","status":"publish","type":"post","link":"https:\/\/interactivos.museodelamemoria.cl\/victims\/?p=1922","title":{"rendered":"RODRIGUEZ TORRES JOSE SEGUNDO"},"content":{"rendered":"<hr class=\"wp-block-separator has-text-color has-white-color has-alpha-channel-opacity has-white-background-color has-background is-style-default\"\/><p><strong>Instancia Calificadora:<\/strong> CVR violaci\u00f3n de DDHH<\/p><p><strong>Militancia:<\/strong> Sin Militancia<\/p><p><strong>Regi\u00f3n:<\/strong> IV Coquimbo<\/p><p><strong>Ciudad:<\/strong> <\/p><p><strong>Comuna:<\/strong> LA SERENA<\/p><p><strong>Fecha Detenci\u00f3n\/Muerte:<\/strong> 01-11-1973<\/p><p><strong>Ocupaci\u00f3n:<\/strong> COMERCIANTE FERIA LIBRE<\/p><p><strong>Edad:<\/strong> 23<\/p>\n<hr class=\"wp-block-separator has-text-color has-white-color has-alpha-channel-opacity has-white-background-color has-background is-style-default\"\/><p>El 1 de noviembre de 1973 es muerto en el Regimiento Arica, de La Serena, Jos\u00e9 Segundo RODRIGUEZ TORRES, 23 a\u00f1os de edad, comerciante, sin militancia pol\u00edtica.  Hab\u00eda sido arrestado el 30 de octubre, en su domicilio, por efectivos militares que le condujeron al Regimiento mencionado.<\/p>\n<p>El 3 de noviembre apareci\u00f3 en la prensa un comunicado oficial que se\u00f1alaba que a las 15:00 horas del 1 de ese mismo mes, Jos\u00e9 Segundo Rodr\u00edguez hab\u00eda sido dado de baja \u00bb al tratar de escapar en circuntancias que estaba prisionero&#8230;.\u00bb.  Se agregaba que el afectado era delincuente com\u00fan.<\/p>\n<p>Estando debidamente acreditada su detenci\u00f3n y que se le dio muerte al interior del Regimiento de La Serena, la Comisi\u00f3n se form\u00f3 la convicci\u00f3n de que Jos\u00e9 Rodr\u00edguez fue ejecutado.  Se configura de esta forma una violaci\u00f3n de los derechos humanos de responsabilidad de agentes del Estado, en m\u00e9rito de lo siguientes antecedentes:<\/p>\n<p>No parece veros\u00edmil que el afectado efectivamente haya intentado huir, teniendo en consideraci\u00f3n el caracter del lugar en que se hallaba recluido   un cuartel militar   el que razonablemente debi\u00f3 estar fuertemente resguardado y m\u00e1s a\u00fan en la \u00e9poca en que ocurrieron los hechos.<\/p>\n<p>Que de haberse producido un intento de fuga, es necesario suponer que personal militar tan numeroso como el que existe en un Regimiento y con la preparaci\u00f3n y armamento de que est\u00e1 dotado, pudo impedir la hu\u00edda sin que fuese necesario dar muerte al presunto fugitivo.<\/p>\n\n\n<blockquote class=\"wp-block-quote is-layout-flow wp-block-quote-is-layout-flow\">\n<hr class=\"wp-block-separator has-alpha-channel-opacity\"\/>\n<cite><br>Para revisar informaci\u00f3n judicial sobre esta persona acceda al repositorio del Proyecto Expedientes de la Represi\u00f3n, que recopila las sentencias judiciales dictadas en los procesos penales ya concluidos por violaciones de derechos humanos cometidas durante la dictadura.<\/cite><\/blockquote>\n\n\n\n<figure class=\"wp-block-image size-full is-resized\"><a href=\"https:\/\/expedientesdelarepresion.cl\/causa\/jose-rodriguez-torres\/\" target=\"_blank\" rel=\"noreferrer noopener\"><img loading=\"lazy\" decoding=\"async\" width=\"126\" height=\"121\" src=\"https:\/\/interactivos.museodelamemoria.cl\/victimas\/wp-content\/uploads\/2024\/07\/logo-expedientes-de-la-represion_ok-e1721845389628.png\" alt=\"\" class=\"wp-image-5088\" style=\"width:117px;height:auto\"\/><\/a><\/figure>\n","protected":false},"excerpt":{"rendered":"<p>\tJos\u00e9 Segundo Rodr\u00edguez TORRES, 23 a\u00f1os, comerciante, sin militancia pol\u00edtica. Muerto el 1 de noviembre de 1973 en La Serena. \t &hellip; <a href=\"https:\/\/interactivos.museodelamemoria.cl\/victims\/?p=1922\" class=\"more-link\"><span class=\"readmore\">Averigua m\u00e1s acerca de esta v\u00edctima&#8230;<span class=\"screen-reader-text\">RODRIGUEZ TORRES JOSE SEGUNDO<\/span><\/span><\/a><\/p>\n","protected":false},"author":1,"featured_media":0,"comment_status":"open","ping_status":"open","sticky":false,"template":"","format":"standard","meta":{"footnotes":""},"categories":[5],"tags":[],"class_list":["post-1922","post","type-post","status-publish","format-standard","hentry","category-ejecutado-politico"],"_links":{"self":[{"href":"https:\/\/interactivos.museodelamemoria.cl\/victims\/index.php?rest_route=\/wp\/v2\/posts\/1922"}],"collection":[{"href":"https:\/\/interactivos.museodelamemoria.cl\/victims\/index.php?rest_route=\/wp\/v2\/posts"}],"about":[{"href":"https:\/\/interactivos.museodelamemoria.cl\/victims\/index.php?rest_route=\/wp\/v2\/types\/post"}],"author":[{"embeddable":true,"href":"https:\/\/interactivos.museodelamemoria.cl\/victims\/index.php?rest_route=\/wp\/v2\/users\/1"}],"replies":[{"embeddable":true,"href":"https:\/\/interactivos.museodelamemoria.cl\/victims\/index.php?rest_route=%2Fwp%2Fv2%2Fcomments&post=1922"}],"version-history":[{"count":1,"href":"https:\/\/interactivos.museodelamemoria.cl\/victims\/index.php?rest_route=\/wp\/v2\/posts\/1922\/revisions"}],"predecessor-version":[{"id":7012,"href":"https:\/\/interactivos.museodelamemoria.cl\/victims\/index.php?rest_route=\/wp\/v2\/posts\/1922\/revisions\/7012"}],"wp:attachment":[{"href":"https:\/\/interactivos.museodelamemoria.cl\/victims\/index.php?rest_route=%2Fwp%2Fv2%2Fmedia&parent=1922"}],"wp:term":[{"taxonomy":"category","embeddable":true,"href":"https:\/\/interactivos.museodelamemoria.cl\/victims\/index.php?rest_route=%2Fwp%2Fv2%2Fcategories&post=1922"},{"taxonomy":"post_tag","embeddable":true,"href":"https:\/\/interactivos.museodelamemoria.cl\/victims\/index.php?rest_route=%2Fwp%2Fv2%2Ftags&post=1922"}],"curies":[{"name":"wp","href":"https:\/\/api.w.org\/{rel}","templated":true}]}}