{"id":2058,"date":"2013-04-01T00:00:00","date_gmt":"2013-04-01T00:00:00","guid":{"rendered":""},"modified":"2013-09-04T17:39:17","modified_gmt":"2013-09-04T17:39:17","slug":"victima-1-175","status":"publish","type":"post","link":"https:\/\/interactivos.museodelamemoria.cl\/victims\/?p=2058","title":{"rendered":"VILLEGAS SEPULVEDA PEDRO ALIRO"},"content":{"rendered":"<hr class=\"wp-block-separator has-text-color has-white-color has-alpha-channel-opacity has-white-background-color has-background is-style-default\"\/><p><strong>Instancia Calificadora:<\/strong> CNRR violencia pol\u00edtica<\/p><p><strong>Militancia:<\/strong> Sin Militancia<\/p><p><strong>Regi\u00f3n:<\/strong> V Valpara\u00edso<\/p><p><strong>Ciudad:<\/strong> VALPARAISO<\/p><p><strong>Comuna:<\/strong> <\/p><p><strong>Fecha Detenci\u00f3n\/Muerte:<\/strong> 18-09-1973<\/p><p><strong>Ocupaci\u00f3n:<\/strong> CABO 1\u00ba ARMADA<\/p><p><strong>Edad:<\/strong> 31<\/p>\n<hr class=\"wp-block-separator has-text-color has-white-color has-alpha-channel-opacity has-white-background-color has-background is-style-default\"\/>Pedro Aliro Villegas Sep\u00falveda muri\u00f3 ese d\u00eda a la 1:00 hora en el Hospital Naval de Valpara\u00edso, por una anemia aguda y paro card\u00edaco por una herida de bala tor\u00e1cica con salida de proyectil y herida de bala en muslo derecho, seg\u00fan se consigna en el Certificado M\u00e9dico de Defunci\u00f3n del Instituto M\u00e9dico Legal.\r\n\r\nSeg\u00fan antecedentes recogidos del Sumario Administrativo instruido por la Armada de Chile, Pedro Villegas se encontraba cumpliendo su servicio de guardia en el Centro de Abastecimiento de la Instituci\u00f3n, en horas de vigencia del toque de queda.\r\n\r\nDurante esa noche, advirti\u00f3 a un veh\u00edculo que no obedeci\u00f3 la orden de alto, por lo que efectu\u00f3 un tiro al aire. Una vez detenido el autom\u00f3vil, se acerc\u00f3 a \u00e9ste; en esos momentos, la Guardia de la Central de Abastecimiento, alertada por el disparo, efectu\u00f3 a su vez otros disparos, impactando a Villegas Sep\u00falveda y ocasion\u00e1ndole la muerte.\r\n\r\nConsiderando los antecedentes reunidos y la investigaci\u00f3n realizada por esta Corporaci\u00f3n, el Consejo Superior declar\u00f3 a Pedro Aliro Villegas Sep\u00falveda v\u00edctima de la violencia pol\u00edtica imperante en la \u00e9poca de su fallecimiento.","protected":false},"excerpt":{"rendered":"<p>\tPedro Aliro Villegas Sep\u00falveda, 31 a\u00f1os, Cabo 1\u00ba de la Armada de Chile. Muerto el 18 de septiembre de 1973 en Valpara\u00edso.\t &hellip; <a href=\"https:\/\/interactivos.museodelamemoria.cl\/victims\/?p=2058\" class=\"more-link\"><span class=\"readmore\">Averigua m\u00e1s acerca de esta v\u00edctima&#8230;<span class=\"screen-reader-text\">VILLEGAS SEPULVEDA PEDRO ALIRO<\/span><\/span><\/a><\/p>\n","protected":false},"author":1,"featured_media":0,"comment_status":"open","ping_status":"open","sticky":false,"template":"","format":"standard","meta":{"footnotes":""},"categories":[5],"tags":[],"class_list":["post-2058","post","type-post","status-publish","format-standard","hentry","category-ejecutado-politico"],"_links":{"self":[{"href":"https:\/\/interactivos.museodelamemoria.cl\/victims\/index.php?rest_route=\/wp\/v2\/posts\/2058"}],"collection":[{"href":"https:\/\/interactivos.museodelamemoria.cl\/victims\/index.php?rest_route=\/wp\/v2\/posts"}],"about":[{"href":"https:\/\/interactivos.museodelamemoria.cl\/victims\/index.php?rest_route=\/wp\/v2\/types\/post"}],"author":[{"embeddable":true,"href":"https:\/\/interactivos.museodelamemoria.cl\/victims\/index.php?rest_route=\/wp\/v2\/users\/1"}],"replies":[{"embeddable":true,"href":"https:\/\/interactivos.museodelamemoria.cl\/victims\/index.php?rest_route=%2Fwp%2Fv2%2Fcomments&post=2058"}],"version-history":[{"count":2,"href":"https:\/\/interactivos.museodelamemoria.cl\/victims\/index.php?rest_route=\/wp\/v2\/posts\/2058\/revisions"}],"predecessor-version":[{"id":3814,"href":"https:\/\/interactivos.museodelamemoria.cl\/victims\/index.php?rest_route=\/wp\/v2\/posts\/2058\/revisions\/3814"}],"wp:attachment":[{"href":"https:\/\/interactivos.museodelamemoria.cl\/victims\/index.php?rest_route=%2Fwp%2Fv2%2Fmedia&parent=2058"}],"wp:term":[{"taxonomy":"category","embeddable":true,"href":"https:\/\/interactivos.museodelamemoria.cl\/victims\/index.php?rest_route=%2Fwp%2Fv2%2Fcategories&post=2058"},{"taxonomy":"post_tag","embeddable":true,"href":"https:\/\/interactivos.museodelamemoria.cl\/victims\/index.php?rest_route=%2Fwp%2Fv2%2Ftags&post=2058"}],"curies":[{"name":"wp","href":"https:\/\/api.w.org\/{rel}","templated":true}]}}