{"id":2066,"date":"2013-04-01T00:00:00","date_gmt":"2013-04-01T00:00:00","guid":{"rendered":""},"modified":"2013-04-01T00:00:00","modified_gmt":"2013-04-01T00:00:00","slug":"victima-1","status":"publish","type":"post","link":"https:\/\/interactivos.museodelamemoria.cl\/victims\/?p=2066","title":{"rendered":"WENTEN VALENZUELA MANUEL"},"content":{"rendered":"<hr class=\"wp-block-separator has-text-color has-white-color has-alpha-channel-opacity has-white-background-color has-background is-style-default\"\/><p><strong>Instancia Calificadora:<\/strong> CVR violaci\u00f3n de DDHH<\/p><p><strong>Militancia:<\/strong> Sin Militancia<\/p><p><strong>Regi\u00f3n:<\/strong> VIII Biob\u00edo<\/p><p><strong>Ciudad:<\/strong> LOS ANGELES<\/p><p><strong>Comuna:<\/strong> <\/p><p><strong>Fecha Detenci\u00f3n\/Muerte:<\/strong> 18-09-1973<\/p><p><strong>Ocupaci\u00f3n:<\/strong> OBRERO AGRICOLA<\/p><p><strong>Edad:<\/strong> 49<\/p>\n<hr class=\"wp-block-separator has-text-color has-white-color has-alpha-channel-opacity has-white-background-color has-background is-style-default\"\/>\tEl 18 de septiembre de 1973 muri\u00f3 Manuel WENTEN VALENZUELA, 49 a\u00f1os, agricultor.  Fue detenido por Carabineros y civiles de Santa B\u00e1rbara el d\u00eda 15 de septiembre de 1973 en su domicilio y trasladado al Regimiento.  En este recinto se le neg\u00f3 a su familia la detenci\u00f3n.  Su cuerpo fue encontrado en la morgue del Hospital local el 22 de septiembre.  El certificado de defunci\u00f3n se\u00f1ala como causa de muerte : \u00abdestrucci\u00f3n masa cerebral, fractura de cr\u00e1neo, herida de bala del cr\u00e1neo, con salida de proyectil\u00bb.  La fecha de muerte es 18 de septiembre de 1973.  Testigos se\u00f1alaron que su muerte fue producto de la acci\u00f3n de un efectivo militar, luego que Manuel Wenten se abalanzara sobre \u00e9l, en un acto desesperado al no poder resistir los golpes que se le propinaban.  \r\n\r\nLa Comisi\u00f3n se form\u00f3 la convicci\u00f3n que en la muerte de Manuel Wenten hubo responsabilidad de agentes del Estado, que violaron sus derechos humanos.  Fundamentan esta convicci\u00f3n los siguientes elementos: su arresto se halla acreditado; fallece mientras est\u00e1 reclu\u00eddo en un recinto militar; la causa de su muerte fueron disparos de arma de fuego; la forma irregular en que la familia se enter\u00f3 de su muerte; y la existencia de testigos de su deceso.\t","protected":false},"excerpt":{"rendered":"<p>\tManuel Wenten Valenzuela, 49 a\u00f1os, obrero agr\u00edcola y mediero. Muerto el 18 de septiembre de 1973 en Los \u00c1ngeles.\t &hellip; <a href=\"https:\/\/interactivos.museodelamemoria.cl\/victims\/?p=2066\" class=\"more-link\"><span class=\"readmore\">Averigua m\u00e1s acerca de esta v\u00edctima&#8230;<span class=\"screen-reader-text\">WENTEN VALENZUELA MANUEL<\/span><\/span><\/a><\/p>\n","protected":false},"author":1,"featured_media":0,"comment_status":"open","ping_status":"open","sticky":false,"template":"","format":"standard","meta":{"footnotes":""},"categories":[5],"tags":[],"class_list":["post-2066","post","type-post","status-publish","format-standard","hentry","category-ejecutado-politico"],"_links":{"self":[{"href":"https:\/\/interactivos.museodelamemoria.cl\/victims\/index.php?rest_route=\/wp\/v2\/posts\/2066"}],"collection":[{"href":"https:\/\/interactivos.museodelamemoria.cl\/victims\/index.php?rest_route=\/wp\/v2\/posts"}],"about":[{"href":"https:\/\/interactivos.museodelamemoria.cl\/victims\/index.php?rest_route=\/wp\/v2\/types\/post"}],"author":[{"embeddable":true,"href":"https:\/\/interactivos.museodelamemoria.cl\/victims\/index.php?rest_route=\/wp\/v2\/users\/1"}],"replies":[{"embeddable":true,"href":"https:\/\/interactivos.museodelamemoria.cl\/victims\/index.php?rest_route=%2Fwp%2Fv2%2Fcomments&post=2066"}],"version-history":[{"count":0,"href":"https:\/\/interactivos.museodelamemoria.cl\/victims\/index.php?rest_route=\/wp\/v2\/posts\/2066\/revisions"}],"wp:attachment":[{"href":"https:\/\/interactivos.museodelamemoria.cl\/victims\/index.php?rest_route=%2Fwp%2Fv2%2Fmedia&parent=2066"}],"wp:term":[{"taxonomy":"category","embeddable":true,"href":"https:\/\/interactivos.museodelamemoria.cl\/victims\/index.php?rest_route=%2Fwp%2Fv2%2Fcategories&post=2066"},{"taxonomy":"post_tag","embeddable":true,"href":"https:\/\/interactivos.museodelamemoria.cl\/victims\/index.php?rest_route=%2Fwp%2Fv2%2Ftags&post=2066"}],"curies":[{"name":"wp","href":"https:\/\/api.w.org\/{rel}","templated":true}]}}